{"id":1431,"date":"2018-02-28T11:17:49","date_gmt":"2018-02-28T10:17:49","guid":{"rendered":"https:\/\/www.visionconnect.de\/blog\/?p=1431"},"modified":"2018-12-27T12:35:43","modified_gmt":"2018-12-27T11:35:43","slug":"typo3-v9-1-quo-vadis","status":"publish","type":"post","link":"https:\/\/www.visionconnect.de\/blog\/2018\/typo3-v9-1-quo-vadis\/","title":{"rendered":"TYPO3 v9.1 \u2013 quo vadis?"},"content":{"rendered":"<p>Seit Ende Januar 2018 steht die neue TYPO3 Version 9.1 zur Verf\u00fcgung.<\/p>\n<p>Grunds\u00e4tzlich empfehlen wir nur noch den Einsatz von Long Term Support (LTS) Versionen von TYPO3, da diese einen Update Support von 3 Jahren ab dem Zeitpunkt des Release seitens der TYPO3 Association gew\u00e4hrleisten.<\/p>\n<p>Laut TYPO3 Roadmap darf man sich ab Oktober 2018 auf die neue LTS Version 9.5 freuen.<br \/>\nDie aktuelle Version v9.1 zeigt schon, wohin die Reise geht. Einige bereits integrierte Neuerungen stellen wir kurz vor.<\/p>\n<h2>Upgrade externer Module \u2013 funktionsreicher RTE<\/h2>\n<p>F\u00fcr die weitere Entwicklung von TYPO3 setzt das Team auf den Einsatz stabiler OpenSource Libaries. In TYPO3 Version 9.1 wurde unter anderem die Datenbankabstraktionsschicht &#8222;doctrine&#8220; auf Version 2.6.3 aktualisiert.<\/p>\n<p>Dar\u00fcber hinaus steht der seit der Version TYPO3 v8 LTS im Backend verwendete Rich-Text-Editor &#8222;CKEditor&#8220; in der neuen Version 4.8.0 zur Verf\u00fcgung. Allein der Editor bringt zahlreiche Erweiterungen (Plugins) mit sich.<\/p>\n<p><a href=\"https:\/\/ckeditor.com\/cke4\/addons\/plugins\/all\" target=\"_blank\" rel=\"noopener\">https:\/\/ckeditor.com\/cke4\/addons\/plugins\/all<\/a><\/p>\n<h2>Auf dem richtigen Weg \u2013 dank Site Management<\/h2>\n<p>Mit \u201eSite Management\u201c steht den TYPO3 Redakteuren nun ein zentrales Hauptmodul zur Verf\u00fcgung, welches die bestehenden systembezogenen Module &#8222;Web&#8220;, &#8222;Datei&#8220;, &#8222;Adminwerkzeuge&#8220; und &#8222;System&#8220; erg\u00e4nzt. Site Management erm\u00f6glicht die zentrale Konfiguration von zum Beispiel Sprachen, Domains und dem Routing.<\/p>\n<p>Websitebetreiber, die in der Vergangenheit zum Beispiel die Konfiguration f\u00fcr URL-Umleitungen mit der Extension \u201erealURL\u201c geregelt haben, k\u00f6nnen dies nun mit dem \u201eredirect\u201c-Modul innerhalb des neuen TYPO3 Site Managements komfortabel verwalten \u2013 zumal realURL speziell diese Funktion nicht l\u00e4nger unterst\u00fctzt.<\/p>\n<figure id=\"attachment_1434\" aria-describedby=\"caption-attachment-1434\" style=\"width: 1600px\" class=\"wp-caption alignleft\"><a href=\"https:\/\/www.visionconnect.de\/blog\/wp-content\/uploads\/2018\/02\/TYPO3-9.1-site-management.png\"><img loading=\"lazy\" decoding=\"async\" class=\"size-full wp-image-1434\" src=\"https:\/\/www.visionconnect.de\/blog\/wp-content\/uploads\/2018\/02\/TYPO3-9.1-site-management.png\" alt=\"TYPO3 9.1 Site Management Modul\" width=\"1600\" height=\"900\" srcset=\"https:\/\/www.visionconnect.de\/blog\/wp-content\/uploads\/2018\/02\/TYPO3-9.1-site-management.png 1600w, https:\/\/www.visionconnect.de\/blog\/wp-content\/uploads\/2018\/02\/TYPO3-9.1-site-management-418x235.png 418w, https:\/\/www.visionconnect.de\/blog\/wp-content\/uploads\/2018\/02\/TYPO3-9.1-site-management-1024x576.png 1024w, https:\/\/www.visionconnect.de\/blog\/wp-content\/uploads\/2018\/02\/TYPO3-9.1-site-management-1536x864.png 1536w, https:\/\/www.visionconnect.de\/blog\/wp-content\/uploads\/2018\/02\/TYPO3-9.1-site-management-825x464.png 825w, https:\/\/www.visionconnect.de\/blog\/wp-content\/uploads\/2018\/02\/TYPO3-9.1-site-management-254x143.png 254w\" sizes=\"auto, (max-width: 1600px) 100vw, 1600px\" \/><\/a><figcaption id=\"caption-attachment-1434\" class=\"wp-caption-text\">https:\/\/typo3.org\/news\/article\/typo3-v910-released\/<\/figcaption><\/figure>\n<p>&nbsp;<\/p>\n<p>Mit Redirects k\u00f6nnen Weiterleitungen auf eine bestimmte Dom\u00e4ne beschr\u00e4nkt und der HTTP-Antwortcode kann einfach konfiguriert werden. Dar\u00fcber hinaus kann der Quellpfad als regul\u00e4rer Ausdruck dargestellt werden, und eine Weiterleitung an HTTPS kann bei Bedarf erzwungen werden.<\/p>\n<p>Redirects sind dar\u00fcber hinaus ein wichtiger Bestandteil jeder SEO-Strategie und werden oft f\u00fcr Marketingkampagnen verwendet, um eine kurze, aussagekr\u00e4ftige URL zu implementieren, die m\u00f6glicherweise nicht mit der Seitenstruktur in TYPO3 \u00fcbereinstimmt.<\/p>\n<h2>Mehr \u00dcbersicht f\u00fcr Entwickler im Debug-Modus<\/h2>\n<p>TYPO3 Integratoren besch\u00e4ftigen sich oftmals mit Eingabefeldern im TYPO3 Backend und m\u00fcssen den entsprechenden Namen in der Datenbank kennen. Im \u201eDebug-Modus\u201c werden nun der f\u00fcr die Redakteursansicht vergebene Feldbezeichner sowie der entsprechende Feldname aus der Datenbank direkt angezeigt.<\/p>\n<p>Dies erleichtert auch die Konfiguration von Zugriffsrechten, da die Feldnamen der Daten angezeigt werden, wenn Backend-Benutzer oder Benutzergruppen konfiguriert werden.<\/p>\n<p>Weitere \u00c4nderungen und Features k\u00f6nnen im Change Log von TYPO3 verfolgt werden <a href=\"https:\/\/docs.typo3.org\/typo3cms\/extensions\/core\/Changelog\/9.1\/Index.html\" target=\"_blank\" rel=\"noopener\">https:\/\/docs.typo3.org\/typo3cms\/extensions\/core\/Changelog\/9.1\/Index.html<\/a><\/p>\n<p>&nbsp;<\/p>\n","protected":false},"excerpt":{"rendered":"<p>Die aktuelle Version v9.1 zeigt schon, wohin die Reise geht. Einige bereits integrierte Neuerungen stellen wir kurz vor.<\/p>\n","protected":false},"author":7,"featured_media":1440,"comment_status":"open","ping_status":"open","sticky":false,"template":"","format":"standard","meta":{"activitypub_content_warning":"","activitypub_content_visibility":"","activitypub_max_image_attachments":3,"activitypub_interaction_policy_quote":"anyone","activitypub_status":"","footnotes":""},"categories":[2],"tags":[10],"class_list":["post-1431","post","type-post","status-publish","format-standard","has-post-thumbnail","hentry","category-cms","tag-typo3"],"yoast_head":"<!-- This site is optimized with the Yoast SEO plugin v27.5 - https:\/\/yoast.com\/product\/yoast-seo-wordpress\/ -->\n<title>TYPO3 v9.1 \u2013 quo vadis? - VisionConnect: TYPO3 CMS, Wordpress, Shops - Ihre Agentur in Hannover<\/title>\n<meta name=\"description\" content=\"Laut TYPO3 Roadmap darf man sich ab Oktober 2018 auf die neue LTS Version 9.5 freuen. Die aktuelle Version v9.1 zeigt schon, wohin die Reise geht. Einige bereits integrierte Neuerungen stellen wir kurz vor.\" \/>\n<meta name=\"robots\" content=\"index, follow, max-snippet:-1, max-image-preview:large, max-video-preview:-1\" \/>\n<link rel=\"canonical\" href=\"https:\/\/www.visionconnect.de\/blog\/2018\/typo3-v9-1-quo-vadis\/\" \/>\n<meta property=\"og:locale\" content=\"de_DE\" \/>\n<meta property=\"og:type\" content=\"article\" \/>\n<meta property=\"og:title\" content=\"TYPO3 v9.1 \u2013 quo vadis? - VisionConnect: TYPO3 CMS, Wordpress, Shops - Ihre Agentur in Hannover\" \/>\n<meta property=\"og:description\" content=\"Laut TYPO3 Roadmap darf man sich ab Oktober 2018 auf die neue LTS Version 9.5 freuen. Die aktuelle Version v9.1 zeigt schon, wohin die Reise geht. Einige bereits integrierte Neuerungen stellen wir kurz vor.\" \/>\n<meta property=\"og:url\" content=\"https:\/\/www.visionconnect.de\/blog\/2018\/typo3-v9-1-quo-vadis\/\" \/>\n<meta property=\"og:site_name\" content=\"VisionConnect GmbH Blog\" \/>\n<meta property=\"article:publisher\" content=\"https:\/\/www.facebook.com\/VisionConnectGmbH\" \/>\n<meta property=\"article:published_time\" content=\"2018-02-28T10:17:49+00:00\" \/>\n<meta property=\"article:modified_time\" content=\"2018-12-27T11:35:43+00:00\" \/>\n<meta property=\"og:image\" content=\"https:\/\/www.visionconnect.de\/blog\/wp-content\/uploads\/2018\/02\/cms-TYPO3-v9-1-quo-vadis-soc.jpg\" \/>\n\t<meta property=\"og:image:width\" content=\"590\" \/>\n\t<meta property=\"og:image:height\" content=\"331\" \/>\n\t<meta property=\"og:image:type\" content=\"image\/jpeg\" \/>\n<meta name=\"author\" content=\"Michael Weber\" \/>\n<meta name=\"twitter:card\" content=\"summary_large_image\" \/>\n<meta name=\"twitter:image\" content=\"https:\/\/www.visionconnect.de\/blog\/wp-content\/uploads\/2018\/02\/cms-TYPO3-v9-1-quo-vadis-soc.jpg\" \/>\n<meta name=\"twitter:creator\" content=\"@visionconnect\" \/>\n<meta name=\"twitter:site\" content=\"@visionconnect\" \/>\n<meta name=\"twitter:label1\" content=\"Geschrieben von\" \/>\n\t<meta name=\"twitter:data1\" content=\"Michael Weber\" \/>\n\t<meta name=\"twitter:label2\" content=\"Gesch\u00e4tzte Lesezeit\" \/>\n\t<meta name=\"twitter:data2\" content=\"2\u00a0Minuten\" \/>\n<script type=\"application\/ld+json\" class=\"yoast-schema-graph\">{\"@context\":\"https:\\\/\\\/schema.org\",\"@graph\":[{\"@type\":\"Article\",\"@id\":\"https:\\\/\\\/www.visionconnect.de\\\/blog\\\/2018\\\/typo3-v9-1-quo-vadis\\\/#article\",\"isPartOf\":{\"@id\":\"https:\\\/\\\/www.visionconnect.de\\\/blog\\\/2018\\\/typo3-v9-1-quo-vadis\\\/\"},\"author\":{\"name\":\"Michael Weber\",\"@id\":\"https:\\\/\\\/www.visionconnect.de\\\/blog\\\/#\\\/schema\\\/person\\\/70ed82d3f2111b8f8ed8c3ef2eb52174\"},\"headline\":\"TYPO3 v9.1 \u2013 quo vadis?\",\"datePublished\":\"2018-02-28T10:17:49+00:00\",\"dateModified\":\"2018-12-27T11:35:43+00:00\",\"mainEntityOfPage\":{\"@id\":\"https:\\\/\\\/www.visionconnect.de\\\/blog\\\/2018\\\/typo3-v9-1-quo-vadis\\\/\"},\"wordCount\":430,\"commentCount\":0,\"image\":{\"@id\":\"https:\\\/\\\/www.visionconnect.de\\\/blog\\\/2018\\\/typo3-v9-1-quo-vadis\\\/#primaryimage\"},\"thumbnailUrl\":\"https:\\\/\\\/www.visionconnect.de\\\/blog\\\/wp-content\\\/uploads\\\/2018\\\/02\\\/cms-TYPO3-v9-1-quo-vadis_1.jpg\",\"keywords\":[\"TYPO3\"],\"articleSection\":[\"Content Management Systeme\"],\"inLanguage\":\"de\",\"potentialAction\":[{\"@type\":\"CommentAction\",\"name\":\"Comment\",\"target\":[\"https:\\\/\\\/www.visionconnect.de\\\/blog\\\/2018\\\/typo3-v9-1-quo-vadis\\\/#respond\"]}]},{\"@type\":\"WebPage\",\"@id\":\"https:\\\/\\\/www.visionconnect.de\\\/blog\\\/2018\\\/typo3-v9-1-quo-vadis\\\/\",\"url\":\"https:\\\/\\\/www.visionconnect.de\\\/blog\\\/2018\\\/typo3-v9-1-quo-vadis\\\/\",\"name\":\"TYPO3 v9.1 \u2013 quo vadis? - VisionConnect: TYPO3 CMS, Wordpress, Shops - Ihre Agentur in Hannover\",\"isPartOf\":{\"@id\":\"https:\\\/\\\/www.visionconnect.de\\\/blog\\\/#website\"},\"primaryImageOfPage\":{\"@id\":\"https:\\\/\\\/www.visionconnect.de\\\/blog\\\/2018\\\/typo3-v9-1-quo-vadis\\\/#primaryimage\"},\"image\":{\"@id\":\"https:\\\/\\\/www.visionconnect.de\\\/blog\\\/2018\\\/typo3-v9-1-quo-vadis\\\/#primaryimage\"},\"thumbnailUrl\":\"https:\\\/\\\/www.visionconnect.de\\\/blog\\\/wp-content\\\/uploads\\\/2018\\\/02\\\/cms-TYPO3-v9-1-quo-vadis_1.jpg\",\"datePublished\":\"2018-02-28T10:17:49+00:00\",\"dateModified\":\"2018-12-27T11:35:43+00:00\",\"author\":{\"@id\":\"https:\\\/\\\/www.visionconnect.de\\\/blog\\\/#\\\/schema\\\/person\\\/70ed82d3f2111b8f8ed8c3ef2eb52174\"},\"description\":\"Laut TYPO3 Roadmap darf man sich ab Oktober 2018 auf die neue LTS Version 9.5 freuen. Die aktuelle Version v9.1 zeigt schon, wohin die Reise geht. Einige bereits integrierte Neuerungen stellen wir kurz vor.\",\"breadcrumb\":{\"@id\":\"https:\\\/\\\/www.visionconnect.de\\\/blog\\\/2018\\\/typo3-v9-1-quo-vadis\\\/#breadcrumb\"},\"inLanguage\":\"de\",\"potentialAction\":[{\"@type\":\"ReadAction\",\"target\":[\"https:\\\/\\\/www.visionconnect.de\\\/blog\\\/2018\\\/typo3-v9-1-quo-vadis\\\/\"]}]},{\"@type\":\"ImageObject\",\"inLanguage\":\"de\",\"@id\":\"https:\\\/\\\/www.visionconnect.de\\\/blog\\\/2018\\\/typo3-v9-1-quo-vadis\\\/#primaryimage\",\"url\":\"https:\\\/\\\/www.visionconnect.de\\\/blog\\\/wp-content\\\/uploads\\\/2018\\\/02\\\/cms-TYPO3-v9-1-quo-vadis_1.jpg\",\"contentUrl\":\"https:\\\/\\\/www.visionconnect.de\\\/blog\\\/wp-content\\\/uploads\\\/2018\\\/02\\\/cms-TYPO3-v9-1-quo-vadis_1.jpg\",\"width\":1080,\"height\":407,\"caption\":\"CMS TYPO3 9.1 Quo vadis?\"},{\"@type\":\"BreadcrumbList\",\"@id\":\"https:\\\/\\\/www.visionconnect.de\\\/blog\\\/2018\\\/typo3-v9-1-quo-vadis\\\/#breadcrumb\",\"itemListElement\":[{\"@type\":\"ListItem\",\"position\":1,\"name\":\"Home\",\"item\":\"https:\\\/\\\/www.visionconnect.de\\\/blog\\\/\"},{\"@type\":\"ListItem\",\"position\":2,\"name\":\"TYPO3 v9.1 \u2013 quo vadis?\"}]},{\"@type\":\"WebSite\",\"@id\":\"https:\\\/\\\/www.visionconnect.de\\\/blog\\\/#website\",\"url\":\"https:\\\/\\\/www.visionconnect.de\\\/blog\\\/\",\"name\":\"VisionConnect GmbH Blog\",\"description\":\"\",\"potentialAction\":[{\"@type\":\"SearchAction\",\"target\":{\"@type\":\"EntryPoint\",\"urlTemplate\":\"https:\\\/\\\/www.visionconnect.de\\\/blog\\\/?s={search_term_string}\"},\"query-input\":{\"@type\":\"PropertyValueSpecification\",\"valueRequired\":true,\"valueName\":\"search_term_string\"}}],\"inLanguage\":\"de\"},{\"@type\":\"Person\",\"@id\":\"https:\\\/\\\/www.visionconnect.de\\\/blog\\\/#\\\/schema\\\/person\\\/70ed82d3f2111b8f8ed8c3ef2eb52174\",\"name\":\"Michael Weber\",\"image\":{\"@type\":\"ImageObject\",\"inLanguage\":\"de\",\"@id\":\"https:\\\/\\\/secure.gravatar.com\\\/avatar\\\/4187239bf3dde99cf3f13f37c7bfaf29644186e0eb1827da8b489af1eef40f31?s=96&d=mm&r=pg\",\"url\":\"https:\\\/\\\/secure.gravatar.com\\\/avatar\\\/4187239bf3dde99cf3f13f37c7bfaf29644186e0eb1827da8b489af1eef40f31?s=96&d=mm&r=pg\",\"contentUrl\":\"https:\\\/\\\/secure.gravatar.com\\\/avatar\\\/4187239bf3dde99cf3f13f37c7bfaf29644186e0eb1827da8b489af1eef40f31?s=96&d=mm&r=pg\",\"caption\":\"Michael Weber\"},\"description\":\"Seit \u00fcber 20 Jahren besch\u00e4ftige ich mich mit dem Internet - und es fasziniert mich immer noch. Aktuelle und zuk\u00fcnftige Technologien machen vieles einfacher aber auch komplexer zugleich. An dieser Stelle versuche ich im Rahmen meines Jobs mit dem Team effiziente L\u00f6sungen zu schaffen. Mobilit\u00e4t? ja - Online zu jeder Zeit? nein. Freizeit und Entspannung mit der Familie in der \\\"realen\\\" Welt ist f\u00fcr mich sehr wichtig.\",\"sameAs\":[\"http:\\\/\\\/www.visionconnect.de\"],\"url\":\"https:\\\/\\\/www.visionconnect.de\\\/blog\\\/author\\\/weber\\\/\"}]}<\/script>\n<!-- \/ Yoast SEO plugin. -->","yoast_head_json":{"title":"TYPO3 v9.1 \u2013 quo vadis? - VisionConnect: TYPO3 CMS, Wordpress, Shops - Ihre Agentur in Hannover","description":"Laut TYPO3 Roadmap darf man sich ab Oktober 2018 auf die neue LTS Version 9.5 freuen. Die aktuelle Version v9.1 zeigt schon, wohin die Reise geht. Einige bereits integrierte Neuerungen stellen wir kurz vor.","robots":{"index":"index","follow":"follow","max-snippet":"max-snippet:-1","max-image-preview":"max-image-preview:large","max-video-preview":"max-video-preview:-1"},"canonical":"https:\/\/www.visionconnect.de\/blog\/2018\/typo3-v9-1-quo-vadis\/","og_locale":"de_DE","og_type":"article","og_title":"TYPO3 v9.1 \u2013 quo vadis? - VisionConnect: TYPO3 CMS, Wordpress, Shops - Ihre Agentur in Hannover","og_description":"Laut TYPO3 Roadmap darf man sich ab Oktober 2018 auf die neue LTS Version 9.5 freuen. Die aktuelle Version v9.1 zeigt schon, wohin die Reise geht. Einige bereits integrierte Neuerungen stellen wir kurz vor.","og_url":"https:\/\/www.visionconnect.de\/blog\/2018\/typo3-v9-1-quo-vadis\/","og_site_name":"VisionConnect GmbH Blog","article_publisher":"https:\/\/www.facebook.com\/VisionConnectGmbH","article_published_time":"2018-02-28T10:17:49+00:00","article_modified_time":"2018-12-27T11:35:43+00:00","og_image":[{"width":590,"height":331,"url":"https:\/\/www.visionconnect.de\/blog\/wp-content\/uploads\/2018\/02\/cms-TYPO3-v9-1-quo-vadis-soc.jpg","type":"image\/jpeg"}],"author":"Michael Weber","twitter_card":"summary_large_image","twitter_image":"https:\/\/www.visionconnect.de\/blog\/wp-content\/uploads\/2018\/02\/cms-TYPO3-v9-1-quo-vadis-soc.jpg","twitter_creator":"@visionconnect","twitter_site":"@visionconnect","twitter_misc":{"Geschrieben von":"Michael Weber","Gesch\u00e4tzte Lesezeit":"2\u00a0Minuten"},"schema":{"@context":"https:\/\/schema.org","@graph":[{"@type":"Article","@id":"https:\/\/www.visionconnect.de\/blog\/2018\/typo3-v9-1-quo-vadis\/#article","isPartOf":{"@id":"https:\/\/www.visionconnect.de\/blog\/2018\/typo3-v9-1-quo-vadis\/"},"author":{"name":"Michael Weber","@id":"https:\/\/www.visionconnect.de\/blog\/#\/schema\/person\/70ed82d3f2111b8f8ed8c3ef2eb52174"},"headline":"TYPO3 v9.1 \u2013 quo vadis?","datePublished":"2018-02-28T10:17:49+00:00","dateModified":"2018-12-27T11:35:43+00:00","mainEntityOfPage":{"@id":"https:\/\/www.visionconnect.de\/blog\/2018\/typo3-v9-1-quo-vadis\/"},"wordCount":430,"commentCount":0,"image":{"@id":"https:\/\/www.visionconnect.de\/blog\/2018\/typo3-v9-1-quo-vadis\/#primaryimage"},"thumbnailUrl":"https:\/\/www.visionconnect.de\/blog\/wp-content\/uploads\/2018\/02\/cms-TYPO3-v9-1-quo-vadis_1.jpg","keywords":["TYPO3"],"articleSection":["Content Management Systeme"],"inLanguage":"de","potentialAction":[{"@type":"CommentAction","name":"Comment","target":["https:\/\/www.visionconnect.de\/blog\/2018\/typo3-v9-1-quo-vadis\/#respond"]}]},{"@type":"WebPage","@id":"https:\/\/www.visionconnect.de\/blog\/2018\/typo3-v9-1-quo-vadis\/","url":"https:\/\/www.visionconnect.de\/blog\/2018\/typo3-v9-1-quo-vadis\/","name":"TYPO3 v9.1 \u2013 quo vadis? - VisionConnect: TYPO3 CMS, Wordpress, Shops - Ihre Agentur in Hannover","isPartOf":{"@id":"https:\/\/www.visionconnect.de\/blog\/#website"},"primaryImageOfPage":{"@id":"https:\/\/www.visionconnect.de\/blog\/2018\/typo3-v9-1-quo-vadis\/#primaryimage"},"image":{"@id":"https:\/\/www.visionconnect.de\/blog\/2018\/typo3-v9-1-quo-vadis\/#primaryimage"},"thumbnailUrl":"https:\/\/www.visionconnect.de\/blog\/wp-content\/uploads\/2018\/02\/cms-TYPO3-v9-1-quo-vadis_1.jpg","datePublished":"2018-02-28T10:17:49+00:00","dateModified":"2018-12-27T11:35:43+00:00","author":{"@id":"https:\/\/www.visionconnect.de\/blog\/#\/schema\/person\/70ed82d3f2111b8f8ed8c3ef2eb52174"},"description":"Laut TYPO3 Roadmap darf man sich ab Oktober 2018 auf die neue LTS Version 9.5 freuen. Die aktuelle Version v9.1 zeigt schon, wohin die Reise geht. Einige bereits integrierte Neuerungen stellen wir kurz vor.","breadcrumb":{"@id":"https:\/\/www.visionconnect.de\/blog\/2018\/typo3-v9-1-quo-vadis\/#breadcrumb"},"inLanguage":"de","potentialAction":[{"@type":"ReadAction","target":["https:\/\/www.visionconnect.de\/blog\/2018\/typo3-v9-1-quo-vadis\/"]}]},{"@type":"ImageObject","inLanguage":"de","@id":"https:\/\/www.visionconnect.de\/blog\/2018\/typo3-v9-1-quo-vadis\/#primaryimage","url":"https:\/\/www.visionconnect.de\/blog\/wp-content\/uploads\/2018\/02\/cms-TYPO3-v9-1-quo-vadis_1.jpg","contentUrl":"https:\/\/www.visionconnect.de\/blog\/wp-content\/uploads\/2018\/02\/cms-TYPO3-v9-1-quo-vadis_1.jpg","width":1080,"height":407,"caption":"CMS TYPO3 9.1 Quo vadis?"},{"@type":"BreadcrumbList","@id":"https:\/\/www.visionconnect.de\/blog\/2018\/typo3-v9-1-quo-vadis\/#breadcrumb","itemListElement":[{"@type":"ListItem","position":1,"name":"Home","item":"https:\/\/www.visionconnect.de\/blog\/"},{"@type":"ListItem","position":2,"name":"TYPO3 v9.1 \u2013 quo vadis?"}]},{"@type":"WebSite","@id":"https:\/\/www.visionconnect.de\/blog\/#website","url":"https:\/\/www.visionconnect.de\/blog\/","name":"VisionConnect GmbH Blog","description":"","potentialAction":[{"@type":"SearchAction","target":{"@type":"EntryPoint","urlTemplate":"https:\/\/www.visionconnect.de\/blog\/?s={search_term_string}"},"query-input":{"@type":"PropertyValueSpecification","valueRequired":true,"valueName":"search_term_string"}}],"inLanguage":"de"},{"@type":"Person","@id":"https:\/\/www.visionconnect.de\/blog\/#\/schema\/person\/70ed82d3f2111b8f8ed8c3ef2eb52174","name":"Michael Weber","image":{"@type":"ImageObject","inLanguage":"de","@id":"https:\/\/secure.gravatar.com\/avatar\/4187239bf3dde99cf3f13f37c7bfaf29644186e0eb1827da8b489af1eef40f31?s=96&d=mm&r=pg","url":"https:\/\/secure.gravatar.com\/avatar\/4187239bf3dde99cf3f13f37c7bfaf29644186e0eb1827da8b489af1eef40f31?s=96&d=mm&r=pg","contentUrl":"https:\/\/secure.gravatar.com\/avatar\/4187239bf3dde99cf3f13f37c7bfaf29644186e0eb1827da8b489af1eef40f31?s=96&d=mm&r=pg","caption":"Michael Weber"},"description":"Seit \u00fcber 20 Jahren besch\u00e4ftige ich mich mit dem Internet - und es fasziniert mich immer noch. Aktuelle und zuk\u00fcnftige Technologien machen vieles einfacher aber auch komplexer zugleich. An dieser Stelle versuche ich im Rahmen meines Jobs mit dem Team effiziente L\u00f6sungen zu schaffen. Mobilit\u00e4t? ja - Online zu jeder Zeit? nein. Freizeit und Entspannung mit der Familie in der \"realen\" Welt ist f\u00fcr mich sehr wichtig.","sameAs":["http:\/\/www.visionconnect.de"],"url":"https:\/\/www.visionconnect.de\/blog\/author\/weber\/"}]}},"amp_enabled":true,"_links":{"self":[{"href":"https:\/\/www.visionconnect.de\/blog\/wp-json\/wp\/v2\/posts\/1431","targetHints":{"allow":["GET"]}}],"collection":[{"href":"https:\/\/www.visionconnect.de\/blog\/wp-json\/wp\/v2\/posts"}],"about":[{"href":"https:\/\/www.visionconnect.de\/blog\/wp-json\/wp\/v2\/types\/post"}],"author":[{"embeddable":true,"href":"https:\/\/www.visionconnect.de\/blog\/wp-json\/wp\/v2\/users\/7"}],"replies":[{"embeddable":true,"href":"https:\/\/www.visionconnect.de\/blog\/wp-json\/wp\/v2\/comments?post=1431"}],"version-history":[{"count":6,"href":"https:\/\/www.visionconnect.de\/blog\/wp-json\/wp\/v2\/posts\/1431\/revisions"}],"predecessor-version":[{"id":1571,"href":"https:\/\/www.visionconnect.de\/blog\/wp-json\/wp\/v2\/posts\/1431\/revisions\/1571"}],"wp:featuredmedia":[{"embeddable":true,"href":"https:\/\/www.visionconnect.de\/blog\/wp-json\/wp\/v2\/media\/1440"}],"wp:attachment":[{"href":"https:\/\/www.visionconnect.de\/blog\/wp-json\/wp\/v2\/media?parent=1431"}],"wp:term":[{"taxonomy":"category","embeddable":true,"href":"https:\/\/www.visionconnect.de\/blog\/wp-json\/wp\/v2\/categories?post=1431"},{"taxonomy":"post_tag","embeddable":true,"href":"https:\/\/www.visionconnect.de\/blog\/wp-json\/wp\/v2\/tags?post=1431"}],"curies":[{"name":"wp","href":"https:\/\/api.w.org\/{rel}","templated":true}]}}