{"id":1554,"date":"2018-07-16T11:53:11","date_gmt":"2018-07-16T09:53:11","guid":{"rendered":"https:\/\/www.visionconnect.de\/blog\/?p=1554"},"modified":"2018-12-12T10:47:10","modified_gmt":"2018-12-12T09:47:10","slug":"cms-extensions-dsgvo-konform-verwenden","status":"publish","type":"post","link":"https:\/\/www.visionconnect.de\/blog\/2018\/cms-extensions-dsgvo-konform-verwenden\/","title":{"rendered":"CMS und Extensions DSGVO konform verwenden"},"content":{"rendered":"<p>Mit dem Start der <a href=\"https:\/\/www.visionconnect.de\/blog\/2017\/dsgvo\/\">DSGVO<\/a> am 25. Mai 2018 sind viele Fragen und neue Herausforderungen entstanden.<br \/>\nAktuelle Fragestellungen, wie zum Beispiel \u201eCookie Hinweis ja oder nein?\u201c oder \u201eDarf ich weiter Google Analytics verwenden?\u201c, werden im Netz diskutiert.<\/p>\n<p>Neben den \u00f6ffentlich stark diskutierten Themen, bringen der CMS Betrieb und die eingesetzten Erweiterungen (Extensions) aber auch weitere Gefahren in Bezug auf die DSGVO Konformit\u00e4t mit sich.<\/p>\n<h2 class=\"western\">Schreibt das Content Management System mit?<\/h2>\n<p>Als wir die ersten Webseiten auf ihre DSGVO Sicherheit \u00fcberpr\u00fcft hatten, wurde schnell klar, dass nicht nur der Einsatz von Google Analytics ein Problem darstellt.<\/p>\n<p>Auch im TYPO3-Core werden Daten gespeichert (z. B. System Log, History, Indexed Search Log).<\/p>\n<p>Hier wurde seitens der TYPO3 Entwickler schnell reagiert und mit den Updates <a href=\"https:\/\/typo3.org\/article\/typo3-921-8714-and-7628-released\/\" target=\"_blank\" rel=\"noopener\">TYPO3 9.2.1, 8.7.14 und 7.6.28<\/a> eine Funktion zur Anonymisierung der personenbezogenen Daten (Hier IP-Adressen) in den Logdateien hinzugef\u00fcgt.<\/p>\n<p>Um die personenbezogenen Daten der Datentabellen sys_log und sys_history wieder loszuwerden, k\u00f6nnen die Eintr\u00e4ge regelm\u00e4\u00dfig gel\u00f6scht werden. Dies geht mit einem sogenannten Cronjob und dem Scheduler-Task \u201egarbage collection\u201c, welche \u00fcber das <a href=\"https:\/\/docs.typo3.org\/typo3cms\/extensions\/scheduler\/Installation\/BaseTasks\/Index.html\" target=\"_blank\" rel=\"noopener\">TYPO3 Backend eingerichtet<\/a> werden kann.<br \/>\nIn der Standardeinstellung werden in der sys_history dabei Eintr\u00e4ge gel\u00f6scht, die \u00e4lter als 30 Tage bzw. in der sys_log solche, die \u00e4lter als 180 Tage sind.<\/p>\n<p>Hier gilt es auch intern zu pr\u00fcfen, welche Logdaten vom eingesetzten CMS, z. B. WordPress, mitgeschrieben werden und ob diese DSGVO konform im System hinterlegt sind.<\/p>\n<h2 class=\"western\">Gel\u00f6scht ist nicht gleich gel\u00f6scht<\/h2>\n<p>Ein besonderer Fallstrick f\u00fcr DSGVO stellt auch das L\u00f6schverhalten von Datens\u00e4tzen in TYPO3 dar. Sobald ein Redakteur im Backend einen beliebigen Datensatz l\u00f6scht, erscheint dieser auch nicht mehr in der Oberfl\u00e4che des TYPO3 Backends.<\/p>\n<p>Dennoch ist der Datensatz (z.\u00a0B. die E-Mail eines Newsletterempf\u00e4ngers) noch in der Datenbank vorhanden. Der Datensatz wurde lediglich mit dem Eintrag \u201egel\u00f6scht\u201c in der Datentabelle versehen.<\/p>\n<p>Hier gilt es solche Datens\u00e4tze mittels eines Cronjobs regelm\u00e4\u00dfig aus der Datenbank zu entfernen.<\/p>\n<h2 class=\"western\">Erweiterungen pr\u00fcfen<\/h2>\n<p>Nicht nur die CMS Systeme selbst schreiben Informationen in die Datenbanken, die zum Teil personenbezogen und somit nicht Datenschutz konform sind.<\/p>\n<p>Eines der bekanntesten Beispiele stellte aktuell die TYPO3 Formular Erweiterung Powermail dar.<br \/>\nHier wurden bisher standardm\u00e4\u00dfig per \u201eDefault-Einstellung\u201c s\u00e4mtliche mit der Erweiterung versandten Mails in der Datenbank gespeichert. Mit der Ver\u00f6ffentlichung der Version 6.0.0 ist die Extension aber nun <a href=\"https:\/\/www.visionconnect.de\/blog\/2017\/dsgvo\/\">DSGVO konform<\/a> aufgestellt.<\/p>\n<p>Grunds\u00e4tzlich sollten Websitebetreiber pr\u00fcfen, welche (personenbezogenen) Informationen von den einzelnen Erweiterungen \u2013 unabh\u00e4ngig vom eingesetzten CMS \u2013 in der Datenbank gespeichert werden.<\/p>\n","protected":false},"excerpt":{"rendered":"<p>Der CMS Betrieb und die eingesetzten Erweiterungen (Extensions) bringen weitere Gefahren in Bezug auf die DSGVO Konformit\u00e4t mit sich.<\/p>\n","protected":false},"author":2,"featured_media":1562,"comment_status":"closed","ping_status":"open","sticky":false,"template":"","format":"standard","meta":{"activitypub_content_warning":"","activitypub_content_visibility":"","activitypub_max_image_attachments":3,"activitypub_interaction_policy_quote":"anyone","activitypub_status":"","footnotes":""},"categories":[2],"tags":[10,16],"class_list":["post-1554","post","type-post","status-publish","format-standard","has-post-thumbnail","hentry","category-cms","tag-typo3","tag-wordpress"],"yoast_head":"<!-- This site is optimized with the Yoast SEO plugin v27.5 - https:\/\/yoast.com\/product\/yoast-seo-wordpress\/ -->\n<title>CMS und Extensions DSGVO konform verwenden - VisionConnect<\/title>\n<meta name=\"description\" content=\"Der CMS Betrieb und die eingesetzten Erweiterungen (Extensions) bringen weitere Gefahren in Bezug auf die DSGVO Konformit\u00e4t mit sich.\" \/>\n<meta name=\"robots\" content=\"index, follow, max-snippet:-1, max-image-preview:large, max-video-preview:-1\" \/>\n<link rel=\"canonical\" href=\"https:\/\/www.visionconnect.de\/blog\/2018\/cms-extensions-dsgvo-konform-verwenden\/\" \/>\n<meta property=\"og:locale\" content=\"de_DE\" \/>\n<meta property=\"og:type\" content=\"article\" \/>\n<meta property=\"og:title\" content=\"CMS und Extensions DSGVO konform verwenden - VisionConnect\" \/>\n<meta property=\"og:description\" content=\"Der CMS Betrieb und die eingesetzten Erweiterungen (Extensions) bringen weitere Gefahren in Bezug auf die DSGVO Konformit\u00e4t mit sich.\" \/>\n<meta property=\"og:url\" content=\"https:\/\/www.visionconnect.de\/blog\/2018\/cms-extensions-dsgvo-konform-verwenden\/\" \/>\n<meta property=\"og:site_name\" content=\"VisionConnect GmbH Blog\" \/>\n<meta property=\"article:publisher\" content=\"https:\/\/www.facebook.com\/VisionConnectGmbH\" \/>\n<meta property=\"article:published_time\" content=\"2018-07-16T09:53:11+00:00\" \/>\n<meta property=\"article:modified_time\" content=\"2018-12-12T09:47:10+00:00\" \/>\n<meta property=\"og:image\" content=\"https:\/\/www.visionconnect.de\/blog\/wp-content\/uploads\/2018\/07\/cms-und-extensions-DSGVO-konform-verwenden-soc.jpg\" \/>\n\t<meta property=\"og:image:width\" content=\"590\" \/>\n\t<meta property=\"og:image:height\" content=\"331\" \/>\n\t<meta property=\"og:image:type\" content=\"image\/jpeg\" \/>\n<meta name=\"author\" content=\"Markus S\u00f6th\" \/>\n<meta name=\"twitter:card\" content=\"summary_large_image\" \/>\n<meta name=\"twitter:image\" content=\"https:\/\/www.visionconnect.de\/blog\/wp-content\/uploads\/2018\/07\/cms-und-extensions-DSGVO-konform-verwenden-soc.jpg\" \/>\n<meta name=\"twitter:creator\" content=\"@elektroluder\" \/>\n<meta name=\"twitter:site\" content=\"@visionconnect\" \/>\n<meta name=\"twitter:label1\" content=\"Geschrieben von\" \/>\n\t<meta name=\"twitter:data1\" content=\"Markus S\u00f6th\" \/>\n\t<meta name=\"twitter:label2\" content=\"Gesch\u00e4tzte Lesezeit\" \/>\n\t<meta name=\"twitter:data2\" content=\"2\u00a0Minuten\" \/>\n<script type=\"application\/ld+json\" class=\"yoast-schema-graph\">{\"@context\":\"https:\\\/\\\/schema.org\",\"@graph\":[{\"@type\":\"Article\",\"@id\":\"https:\\\/\\\/www.visionconnect.de\\\/blog\\\/2018\\\/cms-extensions-dsgvo-konform-verwenden\\\/#article\",\"isPartOf\":{\"@id\":\"https:\\\/\\\/www.visionconnect.de\\\/blog\\\/2018\\\/cms-extensions-dsgvo-konform-verwenden\\\/\"},\"author\":{\"name\":\"Markus S\u00f6th\",\"@id\":\"https:\\\/\\\/www.visionconnect.de\\\/blog\\\/#\\\/schema\\\/person\\\/ec2617619552426e3bd479fd57433f19\"},\"headline\":\"CMS und Extensions DSGVO konform verwenden\",\"datePublished\":\"2018-07-16T09:53:11+00:00\",\"dateModified\":\"2018-12-12T09:47:10+00:00\",\"mainEntityOfPage\":{\"@id\":\"https:\\\/\\\/www.visionconnect.de\\\/blog\\\/2018\\\/cms-extensions-dsgvo-konform-verwenden\\\/\"},\"wordCount\":423,\"image\":{\"@id\":\"https:\\\/\\\/www.visionconnect.de\\\/blog\\\/2018\\\/cms-extensions-dsgvo-konform-verwenden\\\/#primaryimage\"},\"thumbnailUrl\":\"https:\\\/\\\/www.visionconnect.de\\\/blog\\\/wp-content\\\/uploads\\\/2018\\\/07\\\/cms-und-extensions-DSGVO-konform-verwenden.jpg\",\"keywords\":[\"TYPO3\",\"Wordpress\"],\"articleSection\":[\"Content Management Systeme\"],\"inLanguage\":\"de\"},{\"@type\":\"WebPage\",\"@id\":\"https:\\\/\\\/www.visionconnect.de\\\/blog\\\/2018\\\/cms-extensions-dsgvo-konform-verwenden\\\/\",\"url\":\"https:\\\/\\\/www.visionconnect.de\\\/blog\\\/2018\\\/cms-extensions-dsgvo-konform-verwenden\\\/\",\"name\":\"CMS und Extensions DSGVO konform verwenden - VisionConnect\",\"isPartOf\":{\"@id\":\"https:\\\/\\\/www.visionconnect.de\\\/blog\\\/#website\"},\"primaryImageOfPage\":{\"@id\":\"https:\\\/\\\/www.visionconnect.de\\\/blog\\\/2018\\\/cms-extensions-dsgvo-konform-verwenden\\\/#primaryimage\"},\"image\":{\"@id\":\"https:\\\/\\\/www.visionconnect.de\\\/blog\\\/2018\\\/cms-extensions-dsgvo-konform-verwenden\\\/#primaryimage\"},\"thumbnailUrl\":\"https:\\\/\\\/www.visionconnect.de\\\/blog\\\/wp-content\\\/uploads\\\/2018\\\/07\\\/cms-und-extensions-DSGVO-konform-verwenden.jpg\",\"datePublished\":\"2018-07-16T09:53:11+00:00\",\"dateModified\":\"2018-12-12T09:47:10+00:00\",\"author\":{\"@id\":\"https:\\\/\\\/www.visionconnect.de\\\/blog\\\/#\\\/schema\\\/person\\\/ec2617619552426e3bd479fd57433f19\"},\"description\":\"Der CMS Betrieb und die eingesetzten Erweiterungen (Extensions) bringen weitere Gefahren in Bezug auf die DSGVO Konformit\u00e4t mit sich.\",\"breadcrumb\":{\"@id\":\"https:\\\/\\\/www.visionconnect.de\\\/blog\\\/2018\\\/cms-extensions-dsgvo-konform-verwenden\\\/#breadcrumb\"},\"inLanguage\":\"de\",\"potentialAction\":[{\"@type\":\"ReadAction\",\"target\":[\"https:\\\/\\\/www.visionconnect.de\\\/blog\\\/2018\\\/cms-extensions-dsgvo-konform-verwenden\\\/\"]}]},{\"@type\":\"ImageObject\",\"inLanguage\":\"de\",\"@id\":\"https:\\\/\\\/www.visionconnect.de\\\/blog\\\/2018\\\/cms-extensions-dsgvo-konform-verwenden\\\/#primaryimage\",\"url\":\"https:\\\/\\\/www.visionconnect.de\\\/blog\\\/wp-content\\\/uploads\\\/2018\\\/07\\\/cms-und-extensions-DSGVO-konform-verwenden.jpg\",\"contentUrl\":\"https:\\\/\\\/www.visionconnect.de\\\/blog\\\/wp-content\\\/uploads\\\/2018\\\/07\\\/cms-und-extensions-DSGVO-konform-verwenden.jpg\",\"width\":1080,\"height\":407,\"caption\":\"CMS und Extensions DSGVO-konform verwenden\"},{\"@type\":\"BreadcrumbList\",\"@id\":\"https:\\\/\\\/www.visionconnect.de\\\/blog\\\/2018\\\/cms-extensions-dsgvo-konform-verwenden\\\/#breadcrumb\",\"itemListElement\":[{\"@type\":\"ListItem\",\"position\":1,\"name\":\"Home\",\"item\":\"https:\\\/\\\/www.visionconnect.de\\\/blog\\\/\"},{\"@type\":\"ListItem\",\"position\":2,\"name\":\"CMS und Extensions DSGVO konform verwenden\"}]},{\"@type\":\"WebSite\",\"@id\":\"https:\\\/\\\/www.visionconnect.de\\\/blog\\\/#website\",\"url\":\"https:\\\/\\\/www.visionconnect.de\\\/blog\\\/\",\"name\":\"VisionConnect GmbH Blog\",\"description\":\"\",\"potentialAction\":[{\"@type\":\"SearchAction\",\"target\":{\"@type\":\"EntryPoint\",\"urlTemplate\":\"https:\\\/\\\/www.visionconnect.de\\\/blog\\\/?s={search_term_string}\"},\"query-input\":{\"@type\":\"PropertyValueSpecification\",\"valueRequired\":true,\"valueName\":\"search_term_string\"}}],\"inLanguage\":\"de\"},{\"@type\":\"Person\",\"@id\":\"https:\\\/\\\/www.visionconnect.de\\\/blog\\\/#\\\/schema\\\/person\\\/ec2617619552426e3bd479fd57433f19\",\"name\":\"Markus S\u00f6th\",\"image\":{\"@type\":\"ImageObject\",\"inLanguage\":\"de\",\"@id\":\"https:\\\/\\\/secure.gravatar.com\\\/avatar\\\/76a9cce53f00a09ed2fdcb3457bab25eb6c2349db2df76c2a3e3a79bea55e644?s=96&d=mm&r=pg\",\"url\":\"https:\\\/\\\/secure.gravatar.com\\\/avatar\\\/76a9cce53f00a09ed2fdcb3457bab25eb6c2349db2df76c2a3e3a79bea55e644?s=96&d=mm&r=pg\",\"contentUrl\":\"https:\\\/\\\/secure.gravatar.com\\\/avatar\\\/76a9cce53f00a09ed2fdcb3457bab25eb6c2349db2df76c2a3e3a79bea55e644?s=96&d=mm&r=pg\",\"caption\":\"Markus S\u00f6th\"},\"description\":\"Vom Kaufmann \u00fcber die Landschaftsarchitektur gestalte ich nun den gro\u00dfen Garten des Internets. F\u00fcr die VisionConnect GmbH arbeite ich im Webdevelopment Bereich an den M\u00f6glichkeiten und Visionen des digitalen Zeitalters. F\u00fcr Marketing und Innovation bin ich immer zu haben und stehe mit meinen Erfahrungen unseren Kunden bei ihren Projekten zur Seite.\",\"sameAs\":[\"https:\\\/\\\/www.visionconnect.de\",\"https:\\\/\\\/www.linkedin.com\\\/in\\\/markussoeth\\\/\",\"https:\\\/\\\/x.com\\\/elektroluder\"],\"url\":\"https:\\\/\\\/www.visionconnect.de\\\/blog\\\/author\\\/soeth\\\/\"}]}<\/script>\n<!-- \/ Yoast SEO plugin. -->","yoast_head_json":{"title":"CMS und Extensions DSGVO konform verwenden - VisionConnect","description":"Der CMS Betrieb und die eingesetzten Erweiterungen (Extensions) bringen weitere Gefahren in Bezug auf die DSGVO Konformit\u00e4t mit sich.","robots":{"index":"index","follow":"follow","max-snippet":"max-snippet:-1","max-image-preview":"max-image-preview:large","max-video-preview":"max-video-preview:-1"},"canonical":"https:\/\/www.visionconnect.de\/blog\/2018\/cms-extensions-dsgvo-konform-verwenden\/","og_locale":"de_DE","og_type":"article","og_title":"CMS und Extensions DSGVO konform verwenden - VisionConnect","og_description":"Der CMS Betrieb und die eingesetzten Erweiterungen (Extensions) bringen weitere Gefahren in Bezug auf die DSGVO Konformit\u00e4t mit sich.","og_url":"https:\/\/www.visionconnect.de\/blog\/2018\/cms-extensions-dsgvo-konform-verwenden\/","og_site_name":"VisionConnect GmbH Blog","article_publisher":"https:\/\/www.facebook.com\/VisionConnectGmbH","article_published_time":"2018-07-16T09:53:11+00:00","article_modified_time":"2018-12-12T09:47:10+00:00","og_image":[{"width":590,"height":331,"url":"https:\/\/www.visionconnect.de\/blog\/wp-content\/uploads\/2018\/07\/cms-und-extensions-DSGVO-konform-verwenden-soc.jpg","type":"image\/jpeg"}],"author":"Markus S\u00f6th","twitter_card":"summary_large_image","twitter_image":"https:\/\/www.visionconnect.de\/blog\/wp-content\/uploads\/2018\/07\/cms-und-extensions-DSGVO-konform-verwenden-soc.jpg","twitter_creator":"@elektroluder","twitter_site":"@visionconnect","twitter_misc":{"Geschrieben von":"Markus S\u00f6th","Gesch\u00e4tzte Lesezeit":"2\u00a0Minuten"},"schema":{"@context":"https:\/\/schema.org","@graph":[{"@type":"Article","@id":"https:\/\/www.visionconnect.de\/blog\/2018\/cms-extensions-dsgvo-konform-verwenden\/#article","isPartOf":{"@id":"https:\/\/www.visionconnect.de\/blog\/2018\/cms-extensions-dsgvo-konform-verwenden\/"},"author":{"name":"Markus S\u00f6th","@id":"https:\/\/www.visionconnect.de\/blog\/#\/schema\/person\/ec2617619552426e3bd479fd57433f19"},"headline":"CMS und Extensions DSGVO konform verwenden","datePublished":"2018-07-16T09:53:11+00:00","dateModified":"2018-12-12T09:47:10+00:00","mainEntityOfPage":{"@id":"https:\/\/www.visionconnect.de\/blog\/2018\/cms-extensions-dsgvo-konform-verwenden\/"},"wordCount":423,"image":{"@id":"https:\/\/www.visionconnect.de\/blog\/2018\/cms-extensions-dsgvo-konform-verwenden\/#primaryimage"},"thumbnailUrl":"https:\/\/www.visionconnect.de\/blog\/wp-content\/uploads\/2018\/07\/cms-und-extensions-DSGVO-konform-verwenden.jpg","keywords":["TYPO3","Wordpress"],"articleSection":["Content Management Systeme"],"inLanguage":"de"},{"@type":"WebPage","@id":"https:\/\/www.visionconnect.de\/blog\/2018\/cms-extensions-dsgvo-konform-verwenden\/","url":"https:\/\/www.visionconnect.de\/blog\/2018\/cms-extensions-dsgvo-konform-verwenden\/","name":"CMS und Extensions DSGVO konform verwenden - VisionConnect","isPartOf":{"@id":"https:\/\/www.visionconnect.de\/blog\/#website"},"primaryImageOfPage":{"@id":"https:\/\/www.visionconnect.de\/blog\/2018\/cms-extensions-dsgvo-konform-verwenden\/#primaryimage"},"image":{"@id":"https:\/\/www.visionconnect.de\/blog\/2018\/cms-extensions-dsgvo-konform-verwenden\/#primaryimage"},"thumbnailUrl":"https:\/\/www.visionconnect.de\/blog\/wp-content\/uploads\/2018\/07\/cms-und-extensions-DSGVO-konform-verwenden.jpg","datePublished":"2018-07-16T09:53:11+00:00","dateModified":"2018-12-12T09:47:10+00:00","author":{"@id":"https:\/\/www.visionconnect.de\/blog\/#\/schema\/person\/ec2617619552426e3bd479fd57433f19"},"description":"Der CMS Betrieb und die eingesetzten Erweiterungen (Extensions) bringen weitere Gefahren in Bezug auf die DSGVO Konformit\u00e4t mit sich.","breadcrumb":{"@id":"https:\/\/www.visionconnect.de\/blog\/2018\/cms-extensions-dsgvo-konform-verwenden\/#breadcrumb"},"inLanguage":"de","potentialAction":[{"@type":"ReadAction","target":["https:\/\/www.visionconnect.de\/blog\/2018\/cms-extensions-dsgvo-konform-verwenden\/"]}]},{"@type":"ImageObject","inLanguage":"de","@id":"https:\/\/www.visionconnect.de\/blog\/2018\/cms-extensions-dsgvo-konform-verwenden\/#primaryimage","url":"https:\/\/www.visionconnect.de\/blog\/wp-content\/uploads\/2018\/07\/cms-und-extensions-DSGVO-konform-verwenden.jpg","contentUrl":"https:\/\/www.visionconnect.de\/blog\/wp-content\/uploads\/2018\/07\/cms-und-extensions-DSGVO-konform-verwenden.jpg","width":1080,"height":407,"caption":"CMS und Extensions DSGVO-konform verwenden"},{"@type":"BreadcrumbList","@id":"https:\/\/www.visionconnect.de\/blog\/2018\/cms-extensions-dsgvo-konform-verwenden\/#breadcrumb","itemListElement":[{"@type":"ListItem","position":1,"name":"Home","item":"https:\/\/www.visionconnect.de\/blog\/"},{"@type":"ListItem","position":2,"name":"CMS und Extensions DSGVO konform verwenden"}]},{"@type":"WebSite","@id":"https:\/\/www.visionconnect.de\/blog\/#website","url":"https:\/\/www.visionconnect.de\/blog\/","name":"VisionConnect GmbH Blog","description":"","potentialAction":[{"@type":"SearchAction","target":{"@type":"EntryPoint","urlTemplate":"https:\/\/www.visionconnect.de\/blog\/?s={search_term_string}"},"query-input":{"@type":"PropertyValueSpecification","valueRequired":true,"valueName":"search_term_string"}}],"inLanguage":"de"},{"@type":"Person","@id":"https:\/\/www.visionconnect.de\/blog\/#\/schema\/person\/ec2617619552426e3bd479fd57433f19","name":"Markus S\u00f6th","image":{"@type":"ImageObject","inLanguage":"de","@id":"https:\/\/secure.gravatar.com\/avatar\/76a9cce53f00a09ed2fdcb3457bab25eb6c2349db2df76c2a3e3a79bea55e644?s=96&d=mm&r=pg","url":"https:\/\/secure.gravatar.com\/avatar\/76a9cce53f00a09ed2fdcb3457bab25eb6c2349db2df76c2a3e3a79bea55e644?s=96&d=mm&r=pg","contentUrl":"https:\/\/secure.gravatar.com\/avatar\/76a9cce53f00a09ed2fdcb3457bab25eb6c2349db2df76c2a3e3a79bea55e644?s=96&d=mm&r=pg","caption":"Markus S\u00f6th"},"description":"Vom Kaufmann \u00fcber die Landschaftsarchitektur gestalte ich nun den gro\u00dfen Garten des Internets. F\u00fcr die VisionConnect GmbH arbeite ich im Webdevelopment Bereich an den M\u00f6glichkeiten und Visionen des digitalen Zeitalters. F\u00fcr Marketing und Innovation bin ich immer zu haben und stehe mit meinen Erfahrungen unseren Kunden bei ihren Projekten zur Seite.","sameAs":["https:\/\/www.visionconnect.de","https:\/\/www.linkedin.com\/in\/markussoeth\/","https:\/\/x.com\/elektroluder"],"url":"https:\/\/www.visionconnect.de\/blog\/author\/soeth\/"}]}},"amp_enabled":true,"_links":{"self":[{"href":"https:\/\/www.visionconnect.de\/blog\/wp-json\/wp\/v2\/posts\/1554","targetHints":{"allow":["GET"]}}],"collection":[{"href":"https:\/\/www.visionconnect.de\/blog\/wp-json\/wp\/v2\/posts"}],"about":[{"href":"https:\/\/www.visionconnect.de\/blog\/wp-json\/wp\/v2\/types\/post"}],"author":[{"embeddable":true,"href":"https:\/\/www.visionconnect.de\/blog\/wp-json\/wp\/v2\/users\/2"}],"replies":[{"embeddable":true,"href":"https:\/\/www.visionconnect.de\/blog\/wp-json\/wp\/v2\/comments?post=1554"}],"version-history":[{"count":7,"href":"https:\/\/www.visionconnect.de\/blog\/wp-json\/wp\/v2\/posts\/1554\/revisions"}],"predecessor-version":[{"id":1568,"href":"https:\/\/www.visionconnect.de\/blog\/wp-json\/wp\/v2\/posts\/1554\/revisions\/1568"}],"wp:featuredmedia":[{"embeddable":true,"href":"https:\/\/www.visionconnect.de\/blog\/wp-json\/wp\/v2\/media\/1562"}],"wp:attachment":[{"href":"https:\/\/www.visionconnect.de\/blog\/wp-json\/wp\/v2\/media?parent=1554"}],"wp:term":[{"taxonomy":"category","embeddable":true,"href":"https:\/\/www.visionconnect.de\/blog\/wp-json\/wp\/v2\/categories?post=1554"},{"taxonomy":"post_tag","embeddable":true,"href":"https:\/\/www.visionconnect.de\/blog\/wp-json\/wp\/v2\/tags?post=1554"}],"curies":[{"name":"wp","href":"https:\/\/api.w.org\/{rel}","templated":true}]}}