{"id":296,"date":"2015-11-04T11:42:18","date_gmt":"2015-11-04T10:42:18","guid":{"rendered":"https:\/\/www.visionconnect.de\/blog\/?p=296"},"modified":"2015-11-24T10:01:45","modified_gmt":"2015-11-24T09:01:45","slug":"wie-geht-deutschland-ins-netz","status":"publish","type":"post","link":"https:\/\/www.visionconnect.de\/blog\/2015\/wie-geht-deutschland-ins-netz\/","title":{"rendered":"Wie geht Deutschland ins Netz?"},"content":{"rendered":"<p>Am gestrigen Tage hat die Initiative D21 und das Bundesministerium f\u00fcr Wirtschaft und Energie die aktuellen Ergebnisse des D21-Digital-Index 2015 der \u00d6ffentlichkeit vorgestellt.<\/p>\n<p>Auf Basis der Informationen von 33.000 Befragten stellt der D21-Digtal-Index die wohl umfangreichste und aussagekr\u00e4ftigste Studie zur Entwicklung der digitalen Gesellschaft in Deutschland dar.<\/p>\n<p>F\u00fcr den interessierten Leser finden sich in dieser Studie Informationen zu Zugang, Kompetenz, Offenheit und Nutzungsvielfalt der Bundesb\u00fcrger im Bezug auf digitale Medien und das Internet.<\/p>\n<h2 class=\"western\">Zugang<\/h2>\n<figure id=\"attachment_301\" aria-describedby=\"caption-attachment-301\" style=\"width: 229px\" class=\"wp-caption alignleft\"><a href=\"https:\/\/www.visionconnect.de\/blog\/wp-content\/uploads\/2015\/11\/22096171684_7518519fd4_z.jpg\"><img loading=\"lazy\" decoding=\"async\" class=\"wp-image-301 size-medium\" src=\"https:\/\/www.visionconnect.de\/blog\/wp-content\/uploads\/2015\/11\/22096171684_7518519fd4_z-229x223.jpg\" alt=\"Nutzung des Internets aufgeschl\u00fcsselt nach Endger\u00e4ten\" width=\"229\" height=\"223\" \/><\/a><figcaption id=\"caption-attachment-301\" class=\"wp-caption-text\">Nutzung Endger\u00e4te<\/figcaption><\/figure>\n<p>Der Indexwert des Zugang-Trends hat mit +1,8 Punkten gegen\u00fcber dem Vorjahr zugenommen. Dieser Zuwachs resultiert laut der Studie aus dem voranschreitenden Breitbandausbau und der gr\u00f6\u00dferen Verf\u00fcgbarkeit der Ger\u00e4te.<\/p>\n<p>Hier zeigt sich besonders das weiterhin die gr\u00f6\u00dften Zuw\u00e4chse bei der Nutzung mobiler Endger\u00e4te wie Tablets und Smartphone stattfinden. <br \/> Das klassische Handy nimmt stark in seiner Nutzung ab.<\/p>\n<p>&nbsp;<\/p>\n<p>&nbsp;<\/p>\n<figure id=\"attachment_303\" aria-describedby=\"caption-attachment-303\" style=\"width: 640px\" class=\"wp-caption aligncenter\"><a href=\"https:\/\/www.visionconnect.de\/blog\/wp-content\/uploads\/2015\/11\/22692848166_9684c6defd_z.jpg\"><img loading=\"lazy\" decoding=\"async\" class=\"wp-image-303 size-full\" src=\"https:\/\/www.visionconnect.de\/blog\/wp-content\/uploads\/2015\/11\/22692848166_9684c6defd_z.jpg\" alt=\"Ger\u00e4tenutzung nach Altersgruppen\" width=\"640\" height=\"411\" srcset=\"https:\/\/www.visionconnect.de\/blog\/wp-content\/uploads\/2015\/11\/22692848166_9684c6defd_z.jpg 640w, https:\/\/www.visionconnect.de\/blog\/wp-content\/uploads\/2015\/11\/22692848166_9684c6defd_z-418x268.jpg 418w, https:\/\/www.visionconnect.de\/blog\/wp-content\/uploads\/2015\/11\/22692848166_9684c6defd_z-254x163.jpg 254w, https:\/\/www.visionconnect.de\/blog\/wp-content\/uploads\/2015\/11\/22692848166_9684c6defd_z-600x385.jpg 600w\" sizes=\"auto, (max-width: 640px) 100vw, 640px\" \/><\/a><figcaption id=\"caption-attachment-303\" class=\"wp-caption-text\">Nutzung nach Altersgruppen<\/figcaption><\/figure>\n<h2 class=\"western\">Offenheit<\/h2>\n<p><a href=\"https:\/\/www.visionconnect.de\/blog\/wp-content\/uploads\/2015\/11\/22531008230_1e0e4a2edf_z.jpg\"><img loading=\"lazy\" decoding=\"async\" class=\"alignleft wp-image-302 size-medium\" src=\"https:\/\/www.visionconnect.de\/blog\/wp-content\/uploads\/2015\/11\/22531008230_1e0e4a2edf_z-229x219.jpg\" alt=\"Offenheit: Einstellung der Bundesb\u00fcrger zur digitalen Welt\" width=\"229\" height=\"219\" \/><\/a>In der Offenheit der Bundesb\u00fcrger gegen\u00fcber der Nutzung digitaler Medien sieht die Studie noch Steigerungspotential.<\/p>\n<p>Wohl nutzen 58% das Internet zuerst zur Suche nach Informationen und auch f\u00fcr die soziale Interaktion (29%). Auch f\u00fcr die berufliche Flexibilit\u00e4t (28%) findet das Internet Verwendung.<\/p>\n<p>Doch erleben immer noch \u00bc der Befragten bei der Nutzung digitaler Ger\u00e4te das Gef\u00fchl von mangelnder Kompetenz.<\/p>\n<p>Dies kann sicherlich auch die Auswirkung der gesteigerten Aufmerksamkeit auf die Verletzlichkeit der Privatsph\u00e4re durch aktuelle Themen wie Netzneutralit\u00e4t und Datenklau sein.<\/p>\n<p>Daher resultiert wohl auch die Zustimmung von 45% der Befragten dass digitale Medien st\u00e4rker in den Unterricht integriert werden sollten.<\/p>\n<h2 class=\"western\">Nutzungsvielfalt<\/h2>\n<p><a href=\"https:\/\/www.visionconnect.de\/blog\/wp-content\/uploads\/2015\/11\/22692917216_9f99494bcc_z.jpg\"><img loading=\"lazy\" decoding=\"async\" class=\"alignleft wp-image-304 size-medium\" src=\"https:\/\/www.visionconnect.de\/blog\/wp-content\/uploads\/2015\/11\/22692917216_9f99494bcc_z-229x205.jpg\" alt=\"Nutzungsvielfalt: Regelm\u00e4\u00dfige Nutzung von Online- \/ Computeranwendungen\" width=\"229\" height=\"205\" \/><\/a>Bei der Onlinenutzung zeigt sich das auch weiterhin die Nutzung von Suchmaschinen (94%) klaren Vorrang bei der Verwendung des Internets darstellt.<\/p>\n<p>Noch vor der Nutzung von Onlineshops (64%) liegt die Nutzung von Foren, Blogs und Seiten wie Wikipedia zu Informationsbeschaffung mit 68 Prozent vorne.<\/p>\n<p>Auch wenn die Nutzung von Sozialen Netzwerken mit 64% nur an vierter Stelle des Nutzungsrankings liegt, ist hier doch mit eine Zuwachs von 12 Prozentpunkten gegen\u00fcber 2014 der gr\u00f6\u00dfte Anstieg zu verzeichnen.<\/p>\n<p>&nbsp;<\/p>\n<p>Als Nutzungstrends wurden f\u00fcr 2015 die Themen \u201eE-Health\u201c, \u201eStreaming\u201c und \u201eSmart Home\u201c von der Studie ausgemacht.<\/p>\n<figure id=\"attachment_305\" aria-describedby=\"caption-attachment-305\" style=\"width: 640px\" class=\"wp-caption aligncenter\"><a href=\"https:\/\/www.visionconnect.de\/blog\/wp-content\/uploads\/2015\/11\/22730048641_8f8070ffe7_z.jpg\"><img loading=\"lazy\" decoding=\"async\" class=\"wp-image-305 size-full\" src=\"https:\/\/www.visionconnect.de\/blog\/wp-content\/uploads\/2015\/11\/22730048641_8f8070ffe7_z.jpg\" alt=\"Indexwerte nach Altersgruppen\" width=\"640\" height=\"354\" srcset=\"https:\/\/www.visionconnect.de\/blog\/wp-content\/uploads\/2015\/11\/22730048641_8f8070ffe7_z.jpg 640w, https:\/\/www.visionconnect.de\/blog\/wp-content\/uploads\/2015\/11\/22730048641_8f8070ffe7_z-418x231.jpg 418w, https:\/\/www.visionconnect.de\/blog\/wp-content\/uploads\/2015\/11\/22730048641_8f8070ffe7_z-450x250.jpg 450w, https:\/\/www.visionconnect.de\/blog\/wp-content\/uploads\/2015\/11\/22730048641_8f8070ffe7_z-254x140.jpg 254w, https:\/\/www.visionconnect.de\/blog\/wp-content\/uploads\/2015\/11\/22730048641_8f8070ffe7_z-600x332.jpg 600w\" sizes=\"auto, (max-width: 640px) 100vw, 640px\" \/><\/a><figcaption id=\"caption-attachment-305\" class=\"wp-caption-text\">Aufschl\u00fcsselung der Indexwerte bezogen auf die Altergruppen<\/figcaption><\/figure>\n<p>&nbsp;<\/p>\n<p>Die Studie kann aktuell \u00fcber die Webseite der Initiative21 heruntergeladen werden.<\/p>\n<p><a href=\"http:\/\/www.initiatived21.de\/wp-content\/uploads\/2015\/10\/D21_Digital-Index2015_WEB.pdf\" target=\"_blank\" rel=\"nofollow\">http:\/\/www.initiatived21.de\/wp-content\/uploads\/2015\/10\/D21_Digital-Index2015_WEB.pdf<\/a><\/p>\n<p>&nbsp;<\/p>\n<p>Grafiken im Beitrag: D21-Digital-Index, eine Studie der Initiative, durchgef\u00fchrt von TNS Infratest, ist lizensiert unter einer <a href=\"https:\/\/creativecommons.org\/licenses\/by\/4.0\/deed.de\" target=\"_blank\" rel=\"nofollow\">Creative Commons Namensnennung 4.0 International Lizenz<\/a><\/p>\n","protected":false},"excerpt":{"rendered":"<p>Bundesministerium f\u00fcr Wirtschaft und Energie die aktuellen Ergebnisse des D21-Digital-Index 2015 der \u00d6ffentlichkeit vor<\/p>\n","protected":false},"author":2,"featured_media":375,"comment_status":"open","ping_status":"open","sticky":false,"template":"","format":"standard","meta":{"activitypub_content_warning":"","activitypub_content_visibility":"","activitypub_max_image_attachments":3,"activitypub_interaction_policy_quote":"anyone","activitypub_status":"","footnotes":""},"categories":[3],"tags":[14,20],"class_list":["post-296","post","type-post","status-publish","format-standard","has-post-thumbnail","hentry","category-marketing","tag-seo","tag-social-media"],"yoast_head":"<!-- This site is optimized with the Yoast SEO plugin v27.5 - https:\/\/yoast.com\/product\/yoast-seo-wordpress\/ -->\n<title>Wie geht Deutschland ins Netz? - VisionConnect: TYPO3 CMS, Wordpress, Shops - Ihre Agentur in Hannover<\/title>\n<meta name=\"description\" content=\"Mit der Ver\u00f6ffentlichung des D21-Digital-Index 2015 stehen aktuelle Werte und Trends zur Internetnutzung der Bundesb\u00fcrger zur Verf\u00fcgung.\" \/>\n<meta name=\"robots\" content=\"index, follow, max-snippet:-1, max-image-preview:large, max-video-preview:-1\" \/>\n<link rel=\"canonical\" href=\"https:\/\/www.visionconnect.de\/blog\/2015\/wie-geht-deutschland-ins-netz\/\" \/>\n<meta property=\"og:locale\" content=\"de_DE\" \/>\n<meta property=\"og:type\" content=\"article\" \/>\n<meta property=\"og:title\" content=\"Wie geht Deutschland ins Netz?\" \/>\n<meta property=\"og:description\" content=\"Mit der Ver\u00f6ffentlichung des D21-Digital-Index 2015 stehen aktuelle Werte und Trends zur Internetnutzung der Bundesb\u00fcrger zur Verf\u00fcgung. F\u00fcr den interessierten Leser finden sich in dieser Studie Informationen zu Zugang, Kompetenz, Offenheit und Nutzungsvielfalt der Bundesb\u00fcrger im Bezug auf digitale Medien und das Internet.\" \/>\n<meta property=\"og:url\" content=\"https:\/\/www.visionconnect.de\/blog\/2015\/wie-geht-deutschland-ins-netz\/\" \/>\n<meta property=\"og:site_name\" content=\"VisionConnect GmbH Blog\" \/>\n<meta property=\"article:publisher\" content=\"https:\/\/www.facebook.com\/VisionConnectGmbH\" \/>\n<meta property=\"article:published_time\" content=\"2015-11-04T10:42:18+00:00\" \/>\n<meta property=\"article:modified_time\" content=\"2015-11-24T09:01:45+00:00\" \/>\n<meta property=\"og:image\" content=\"https:\/\/www.visionconnect.de\/blog\/wp-content\/uploads\/2015\/11\/marketing-wie-geht-deutschland-ins-netz-soc1.jpg\" \/>\n\t<meta property=\"og:image:width\" content=\"590\" \/>\n\t<meta property=\"og:image:height\" content=\"331\" \/>\n\t<meta property=\"og:image:type\" content=\"image\/jpeg\" \/>\n<meta name=\"author\" content=\"Markus S\u00f6th\" \/>\n<meta name=\"twitter:card\" content=\"summary_large_image\" \/>\n<meta name=\"twitter:title\" content=\"Wie geht Deutschland ins Netz?\" \/>\n<meta name=\"twitter:description\" content=\"Mit der Ver\u00f6ffentlichung des D21-Digital-Index 2015 stehen aktuelle Werte und Trends zur Internetnutzung der Bundesb\u00fcrger zur Verf\u00fcgung.\" \/>\n<meta name=\"twitter:image\" content=\"https:\/\/www.visionconnect.de\/blog\/wp-content\/uploads\/2015\/11\/marketing-wie-geht-deutschland-ins-netz-soc1.jpg\" \/>\n<meta name=\"twitter:creator\" content=\"@elektroluder\" \/>\n<meta name=\"twitter:site\" content=\"@visionconnect\" \/>\n<meta name=\"twitter:label1\" content=\"Geschrieben von\" \/>\n\t<meta name=\"twitter:data1\" content=\"Markus S\u00f6th\" \/>\n\t<meta name=\"twitter:label2\" content=\"Gesch\u00e4tzte Lesezeit\" \/>\n\t<meta name=\"twitter:data2\" content=\"2\u00a0Minuten\" \/>\n<script type=\"application\/ld+json\" class=\"yoast-schema-graph\">{\"@context\":\"https:\\\/\\\/schema.org\",\"@graph\":[{\"@type\":\"Article\",\"@id\":\"https:\\\/\\\/www.visionconnect.de\\\/blog\\\/2015\\\/wie-geht-deutschland-ins-netz\\\/#article\",\"isPartOf\":{\"@id\":\"https:\\\/\\\/www.visionconnect.de\\\/blog\\\/2015\\\/wie-geht-deutschland-ins-netz\\\/\"},\"author\":{\"name\":\"Markus S\u00f6th\",\"@id\":\"https:\\\/\\\/www.visionconnect.de\\\/blog\\\/#\\\/schema\\\/person\\\/ec2617619552426e3bd479fd57433f19\"},\"headline\":\"Wie geht Deutschland ins Netz?\",\"datePublished\":\"2015-11-04T10:42:18+00:00\",\"dateModified\":\"2015-11-24T09:01:45+00:00\",\"mainEntityOfPage\":{\"@id\":\"https:\\\/\\\/www.visionconnect.de\\\/blog\\\/2015\\\/wie-geht-deutschland-ins-netz\\\/\"},\"wordCount\":425,\"commentCount\":0,\"image\":{\"@id\":\"https:\\\/\\\/www.visionconnect.de\\\/blog\\\/2015\\\/wie-geht-deutschland-ins-netz\\\/#primaryimage\"},\"thumbnailUrl\":\"https:\\\/\\\/www.visionconnect.de\\\/blog\\\/wp-content\\\/uploads\\\/2015\\\/08\\\/marketing-wie-geht-deutschland-ins-netz.jpg\",\"keywords\":[\"SEO\",\"Social Media\"],\"articleSection\":[\"Marketing\"],\"inLanguage\":\"de\",\"potentialAction\":[{\"@type\":\"CommentAction\",\"name\":\"Comment\",\"target\":[\"https:\\\/\\\/www.visionconnect.de\\\/blog\\\/2015\\\/wie-geht-deutschland-ins-netz\\\/#respond\"]}]},{\"@type\":\"WebPage\",\"@id\":\"https:\\\/\\\/www.visionconnect.de\\\/blog\\\/2015\\\/wie-geht-deutschland-ins-netz\\\/\",\"url\":\"https:\\\/\\\/www.visionconnect.de\\\/blog\\\/2015\\\/wie-geht-deutschland-ins-netz\\\/\",\"name\":\"Wie geht Deutschland ins Netz? - VisionConnect: TYPO3 CMS, Wordpress, Shops - Ihre Agentur in Hannover\",\"isPartOf\":{\"@id\":\"https:\\\/\\\/www.visionconnect.de\\\/blog\\\/#website\"},\"primaryImageOfPage\":{\"@id\":\"https:\\\/\\\/www.visionconnect.de\\\/blog\\\/2015\\\/wie-geht-deutschland-ins-netz\\\/#primaryimage\"},\"image\":{\"@id\":\"https:\\\/\\\/www.visionconnect.de\\\/blog\\\/2015\\\/wie-geht-deutschland-ins-netz\\\/#primaryimage\"},\"thumbnailUrl\":\"https:\\\/\\\/www.visionconnect.de\\\/blog\\\/wp-content\\\/uploads\\\/2015\\\/08\\\/marketing-wie-geht-deutschland-ins-netz.jpg\",\"datePublished\":\"2015-11-04T10:42:18+00:00\",\"dateModified\":\"2015-11-24T09:01:45+00:00\",\"author\":{\"@id\":\"https:\\\/\\\/www.visionconnect.de\\\/blog\\\/#\\\/schema\\\/person\\\/ec2617619552426e3bd479fd57433f19\"},\"description\":\"Mit der Ver\u00f6ffentlichung des D21-Digital-Index 2015 stehen aktuelle Werte und Trends zur Internetnutzung der Bundesb\u00fcrger zur Verf\u00fcgung.\",\"breadcrumb\":{\"@id\":\"https:\\\/\\\/www.visionconnect.de\\\/blog\\\/2015\\\/wie-geht-deutschland-ins-netz\\\/#breadcrumb\"},\"inLanguage\":\"de\",\"potentialAction\":[{\"@type\":\"ReadAction\",\"target\":[\"https:\\\/\\\/www.visionconnect.de\\\/blog\\\/2015\\\/wie-geht-deutschland-ins-netz\\\/\"]}]},{\"@type\":\"ImageObject\",\"inLanguage\":\"de\",\"@id\":\"https:\\\/\\\/www.visionconnect.de\\\/blog\\\/2015\\\/wie-geht-deutschland-ins-netz\\\/#primaryimage\",\"url\":\"https:\\\/\\\/www.visionconnect.de\\\/blog\\\/wp-content\\\/uploads\\\/2015\\\/08\\\/marketing-wie-geht-deutschland-ins-netz.jpg\",\"contentUrl\":\"https:\\\/\\\/www.visionconnect.de\\\/blog\\\/wp-content\\\/uploads\\\/2015\\\/08\\\/marketing-wie-geht-deutschland-ins-netz.jpg\",\"width\":1080,\"height\":407,\"caption\":\"Marketing: wie geht Deutschland ins Netz\"},{\"@type\":\"BreadcrumbList\",\"@id\":\"https:\\\/\\\/www.visionconnect.de\\\/blog\\\/2015\\\/wie-geht-deutschland-ins-netz\\\/#breadcrumb\",\"itemListElement\":[{\"@type\":\"ListItem\",\"position\":1,\"name\":\"Home\",\"item\":\"https:\\\/\\\/www.visionconnect.de\\\/blog\\\/\"},{\"@type\":\"ListItem\",\"position\":2,\"name\":\"Wie geht Deutschland ins Netz?\"}]},{\"@type\":\"WebSite\",\"@id\":\"https:\\\/\\\/www.visionconnect.de\\\/blog\\\/#website\",\"url\":\"https:\\\/\\\/www.visionconnect.de\\\/blog\\\/\",\"name\":\"VisionConnect GmbH Blog\",\"description\":\"\",\"potentialAction\":[{\"@type\":\"SearchAction\",\"target\":{\"@type\":\"EntryPoint\",\"urlTemplate\":\"https:\\\/\\\/www.visionconnect.de\\\/blog\\\/?s={search_term_string}\"},\"query-input\":{\"@type\":\"PropertyValueSpecification\",\"valueRequired\":true,\"valueName\":\"search_term_string\"}}],\"inLanguage\":\"de\"},{\"@type\":\"Person\",\"@id\":\"https:\\\/\\\/www.visionconnect.de\\\/blog\\\/#\\\/schema\\\/person\\\/ec2617619552426e3bd479fd57433f19\",\"name\":\"Markus S\u00f6th\",\"image\":{\"@type\":\"ImageObject\",\"inLanguage\":\"de\",\"@id\":\"https:\\\/\\\/secure.gravatar.com\\\/avatar\\\/76a9cce53f00a09ed2fdcb3457bab25eb6c2349db2df76c2a3e3a79bea55e644?s=96&d=mm&r=pg\",\"url\":\"https:\\\/\\\/secure.gravatar.com\\\/avatar\\\/76a9cce53f00a09ed2fdcb3457bab25eb6c2349db2df76c2a3e3a79bea55e644?s=96&d=mm&r=pg\",\"contentUrl\":\"https:\\\/\\\/secure.gravatar.com\\\/avatar\\\/76a9cce53f00a09ed2fdcb3457bab25eb6c2349db2df76c2a3e3a79bea55e644?s=96&d=mm&r=pg\",\"caption\":\"Markus S\u00f6th\"},\"description\":\"Vom Kaufmann \u00fcber die Landschaftsarchitektur gestalte ich nun den gro\u00dfen Garten des Internets. F\u00fcr die VisionConnect GmbH arbeite ich im Webdevelopment Bereich an den M\u00f6glichkeiten und Visionen des digitalen Zeitalters. F\u00fcr Marketing und Innovation bin ich immer zu haben und stehe mit meinen Erfahrungen unseren Kunden bei ihren Projekten zur Seite.\",\"sameAs\":[\"https:\\\/\\\/www.visionconnect.de\",\"https:\\\/\\\/www.linkedin.com\\\/in\\\/markussoeth\\\/\",\"https:\\\/\\\/x.com\\\/elektroluder\"],\"url\":\"https:\\\/\\\/www.visionconnect.de\\\/blog\\\/author\\\/soeth\\\/\"}]}<\/script>\n<!-- \/ Yoast SEO plugin. -->","yoast_head_json":{"title":"Wie geht Deutschland ins Netz? - VisionConnect: TYPO3 CMS, Wordpress, Shops - Ihre Agentur in Hannover","description":"Mit der Ver\u00f6ffentlichung des D21-Digital-Index 2015 stehen aktuelle Werte und Trends zur Internetnutzung der Bundesb\u00fcrger zur Verf\u00fcgung.","robots":{"index":"index","follow":"follow","max-snippet":"max-snippet:-1","max-image-preview":"max-image-preview:large","max-video-preview":"max-video-preview:-1"},"canonical":"https:\/\/www.visionconnect.de\/blog\/2015\/wie-geht-deutschland-ins-netz\/","og_locale":"de_DE","og_type":"article","og_title":"Wie geht Deutschland ins Netz?","og_description":"Mit der Ver\u00f6ffentlichung des D21-Digital-Index 2015 stehen aktuelle Werte und Trends zur Internetnutzung der Bundesb\u00fcrger zur Verf\u00fcgung. F\u00fcr den interessierten Leser finden sich in dieser Studie Informationen zu Zugang, Kompetenz, Offenheit und Nutzungsvielfalt der Bundesb\u00fcrger im Bezug auf digitale Medien und das Internet.","og_url":"https:\/\/www.visionconnect.de\/blog\/2015\/wie-geht-deutschland-ins-netz\/","og_site_name":"VisionConnect GmbH Blog","article_publisher":"https:\/\/www.facebook.com\/VisionConnectGmbH","article_published_time":"2015-11-04T10:42:18+00:00","article_modified_time":"2015-11-24T09:01:45+00:00","og_image":[{"width":590,"height":331,"url":"https:\/\/www.visionconnect.de\/blog\/wp-content\/uploads\/2015\/11\/marketing-wie-geht-deutschland-ins-netz-soc1.jpg","type":"image\/jpeg"}],"author":"Markus S\u00f6th","twitter_card":"summary_large_image","twitter_title":"Wie geht Deutschland ins Netz?","twitter_description":"Mit der Ver\u00f6ffentlichung des D21-Digital-Index 2015 stehen aktuelle Werte und Trends zur Internetnutzung der Bundesb\u00fcrger zur Verf\u00fcgung.","twitter_image":"https:\/\/www.visionconnect.de\/blog\/wp-content\/uploads\/2015\/11\/marketing-wie-geht-deutschland-ins-netz-soc1.jpg","twitter_creator":"@elektroluder","twitter_site":"@visionconnect","twitter_misc":{"Geschrieben von":"Markus S\u00f6th","Gesch\u00e4tzte Lesezeit":"2\u00a0Minuten"},"schema":{"@context":"https:\/\/schema.org","@graph":[{"@type":"Article","@id":"https:\/\/www.visionconnect.de\/blog\/2015\/wie-geht-deutschland-ins-netz\/#article","isPartOf":{"@id":"https:\/\/www.visionconnect.de\/blog\/2015\/wie-geht-deutschland-ins-netz\/"},"author":{"name":"Markus S\u00f6th","@id":"https:\/\/www.visionconnect.de\/blog\/#\/schema\/person\/ec2617619552426e3bd479fd57433f19"},"headline":"Wie geht Deutschland ins Netz?","datePublished":"2015-11-04T10:42:18+00:00","dateModified":"2015-11-24T09:01:45+00:00","mainEntityOfPage":{"@id":"https:\/\/www.visionconnect.de\/blog\/2015\/wie-geht-deutschland-ins-netz\/"},"wordCount":425,"commentCount":0,"image":{"@id":"https:\/\/www.visionconnect.de\/blog\/2015\/wie-geht-deutschland-ins-netz\/#primaryimage"},"thumbnailUrl":"https:\/\/www.visionconnect.de\/blog\/wp-content\/uploads\/2015\/08\/marketing-wie-geht-deutschland-ins-netz.jpg","keywords":["SEO","Social Media"],"articleSection":["Marketing"],"inLanguage":"de","potentialAction":[{"@type":"CommentAction","name":"Comment","target":["https:\/\/www.visionconnect.de\/blog\/2015\/wie-geht-deutschland-ins-netz\/#respond"]}]},{"@type":"WebPage","@id":"https:\/\/www.visionconnect.de\/blog\/2015\/wie-geht-deutschland-ins-netz\/","url":"https:\/\/www.visionconnect.de\/blog\/2015\/wie-geht-deutschland-ins-netz\/","name":"Wie geht Deutschland ins Netz? - VisionConnect: TYPO3 CMS, Wordpress, Shops - Ihre Agentur in Hannover","isPartOf":{"@id":"https:\/\/www.visionconnect.de\/blog\/#website"},"primaryImageOfPage":{"@id":"https:\/\/www.visionconnect.de\/blog\/2015\/wie-geht-deutschland-ins-netz\/#primaryimage"},"image":{"@id":"https:\/\/www.visionconnect.de\/blog\/2015\/wie-geht-deutschland-ins-netz\/#primaryimage"},"thumbnailUrl":"https:\/\/www.visionconnect.de\/blog\/wp-content\/uploads\/2015\/08\/marketing-wie-geht-deutschland-ins-netz.jpg","datePublished":"2015-11-04T10:42:18+00:00","dateModified":"2015-11-24T09:01:45+00:00","author":{"@id":"https:\/\/www.visionconnect.de\/blog\/#\/schema\/person\/ec2617619552426e3bd479fd57433f19"},"description":"Mit der Ver\u00f6ffentlichung des D21-Digital-Index 2015 stehen aktuelle Werte und Trends zur Internetnutzung der Bundesb\u00fcrger zur Verf\u00fcgung.","breadcrumb":{"@id":"https:\/\/www.visionconnect.de\/blog\/2015\/wie-geht-deutschland-ins-netz\/#breadcrumb"},"inLanguage":"de","potentialAction":[{"@type":"ReadAction","target":["https:\/\/www.visionconnect.de\/blog\/2015\/wie-geht-deutschland-ins-netz\/"]}]},{"@type":"ImageObject","inLanguage":"de","@id":"https:\/\/www.visionconnect.de\/blog\/2015\/wie-geht-deutschland-ins-netz\/#primaryimage","url":"https:\/\/www.visionconnect.de\/blog\/wp-content\/uploads\/2015\/08\/marketing-wie-geht-deutschland-ins-netz.jpg","contentUrl":"https:\/\/www.visionconnect.de\/blog\/wp-content\/uploads\/2015\/08\/marketing-wie-geht-deutschland-ins-netz.jpg","width":1080,"height":407,"caption":"Marketing: wie geht Deutschland ins Netz"},{"@type":"BreadcrumbList","@id":"https:\/\/www.visionconnect.de\/blog\/2015\/wie-geht-deutschland-ins-netz\/#breadcrumb","itemListElement":[{"@type":"ListItem","position":1,"name":"Home","item":"https:\/\/www.visionconnect.de\/blog\/"},{"@type":"ListItem","position":2,"name":"Wie geht Deutschland ins Netz?"}]},{"@type":"WebSite","@id":"https:\/\/www.visionconnect.de\/blog\/#website","url":"https:\/\/www.visionconnect.de\/blog\/","name":"VisionConnect GmbH Blog","description":"","potentialAction":[{"@type":"SearchAction","target":{"@type":"EntryPoint","urlTemplate":"https:\/\/www.visionconnect.de\/blog\/?s={search_term_string}"},"query-input":{"@type":"PropertyValueSpecification","valueRequired":true,"valueName":"search_term_string"}}],"inLanguage":"de"},{"@type":"Person","@id":"https:\/\/www.visionconnect.de\/blog\/#\/schema\/person\/ec2617619552426e3bd479fd57433f19","name":"Markus S\u00f6th","image":{"@type":"ImageObject","inLanguage":"de","@id":"https:\/\/secure.gravatar.com\/avatar\/76a9cce53f00a09ed2fdcb3457bab25eb6c2349db2df76c2a3e3a79bea55e644?s=96&d=mm&r=pg","url":"https:\/\/secure.gravatar.com\/avatar\/76a9cce53f00a09ed2fdcb3457bab25eb6c2349db2df76c2a3e3a79bea55e644?s=96&d=mm&r=pg","contentUrl":"https:\/\/secure.gravatar.com\/avatar\/76a9cce53f00a09ed2fdcb3457bab25eb6c2349db2df76c2a3e3a79bea55e644?s=96&d=mm&r=pg","caption":"Markus S\u00f6th"},"description":"Vom Kaufmann \u00fcber die Landschaftsarchitektur gestalte ich nun den gro\u00dfen Garten des Internets. F\u00fcr die VisionConnect GmbH arbeite ich im Webdevelopment Bereich an den M\u00f6glichkeiten und Visionen des digitalen Zeitalters. F\u00fcr Marketing und Innovation bin ich immer zu haben und stehe mit meinen Erfahrungen unseren Kunden bei ihren Projekten zur Seite.","sameAs":["https:\/\/www.visionconnect.de","https:\/\/www.linkedin.com\/in\/markussoeth\/","https:\/\/x.com\/elektroluder"],"url":"https:\/\/www.visionconnect.de\/blog\/author\/soeth\/"}]}},"amp_enabled":true,"_links":{"self":[{"href":"https:\/\/www.visionconnect.de\/blog\/wp-json\/wp\/v2\/posts\/296","targetHints":{"allow":["GET"]}}],"collection":[{"href":"https:\/\/www.visionconnect.de\/blog\/wp-json\/wp\/v2\/posts"}],"about":[{"href":"https:\/\/www.visionconnect.de\/blog\/wp-json\/wp\/v2\/types\/post"}],"author":[{"embeddable":true,"href":"https:\/\/www.visionconnect.de\/blog\/wp-json\/wp\/v2\/users\/2"}],"replies":[{"embeddable":true,"href":"https:\/\/www.visionconnect.de\/blog\/wp-json\/wp\/v2\/comments?post=296"}],"version-history":[{"count":14,"href":"https:\/\/www.visionconnect.de\/blog\/wp-json\/wp\/v2\/posts\/296\/revisions"}],"predecessor-version":[{"id":317,"href":"https:\/\/www.visionconnect.de\/blog\/wp-json\/wp\/v2\/posts\/296\/revisions\/317"}],"wp:featuredmedia":[{"embeddable":true,"href":"https:\/\/www.visionconnect.de\/blog\/wp-json\/wp\/v2\/media\/375"}],"wp:attachment":[{"href":"https:\/\/www.visionconnect.de\/blog\/wp-json\/wp\/v2\/media?parent=296"}],"wp:term":[{"taxonomy":"category","embeddable":true,"href":"https:\/\/www.visionconnect.de\/blog\/wp-json\/wp\/v2\/categories?post=296"},{"taxonomy":"post_tag","embeddable":true,"href":"https:\/\/www.visionconnect.de\/blog\/wp-json\/wp\/v2\/tags?post=296"}],"curies":[{"name":"wp","href":"https:\/\/api.w.org\/{rel}","templated":true}]}}