{"id":598,"date":"2016-03-24T12:05:26","date_gmt":"2016-03-24T11:05:26","guid":{"rendered":"https:\/\/www.visionconnect.de\/blog\/?p=598"},"modified":"2016-03-24T17:19:57","modified_gmt":"2016-03-24T16:19:57","slug":"sicherheit-im-unternehmen","status":"publish","type":"post","link":"https:\/\/www.visionconnect.de\/blog\/2016\/sicherheit-im-unternehmen\/","title":{"rendered":"IT Sicherheit im Unternehmen"},"content":{"rendered":"<p>Die Digitalisierung im Unternehmens- wie auch im privaten Umfeld schreitet voran. Neue Themen wie \u201eBYOD &#8211; Bring your own device\u201c und \u201eInternet der Dinge\u201c haben sicherlich zu neuen Angriffspunkten auf die IT Infrastruktur von Unternehmen gef\u00fchrt. Die zunehmende Vernetzung \u00f6ffnet neue T\u00fcren f\u00fcr die Angriffe aus dem Netz.<\/p>\n<p>Laut einer Umfrage des Bundesamt f\u00fcr Sicherheit in der Informationstechnik im Jahr 2015 gaben \u00fcber 58% der befragten Unternehmen an Ziel eines Cyberangriffs geworden zu sein. Davon wurden \u00fcber 40% als erfolgreich durchgef\u00fchrte Angriffe gemeldet, bei denen ein Schaden im Unternehmen entstanden ist. Die Dunkelziffer der nicht registrierten Angriffe mag hier noch weitaus h\u00f6her liegen.<\/p>\n<figure id=\"attachment_600\" aria-describedby=\"caption-attachment-600\" style=\"width: 1024px\" class=\"wp-caption alignnone\"><img loading=\"lazy\" decoding=\"async\" class=\"wp-image-600 size-large\" src=\"https:\/\/www.visionconnect.de\/blog\/wp-content\/uploads\/2016\/03\/cyberangriffe-2015-1024x494.jpg\" alt=\"Cyberangriffe in den Jahren 2014\/2015\" width=\"1024\" height=\"494\" srcset=\"https:\/\/www.visionconnect.de\/blog\/wp-content\/uploads\/2016\/03\/cyberangriffe-2015-1024x494.jpg 1024w, https:\/\/www.visionconnect.de\/blog\/wp-content\/uploads\/2016\/03\/cyberangriffe-2015-418x202.jpg 418w, https:\/\/www.visionconnect.de\/blog\/wp-content\/uploads\/2016\/03\/cyberangriffe-2015-825x398.jpg 825w, https:\/\/www.visionconnect.de\/blog\/wp-content\/uploads\/2016\/03\/cyberangriffe-2015-254x122.jpg 254w, https:\/\/www.visionconnect.de\/blog\/wp-content\/uploads\/2016\/03\/cyberangriffe-2015-600x289.jpg 600w, https:\/\/www.visionconnect.de\/blog\/wp-content\/uploads\/2016\/03\/cyberangriffe-2015.jpg 1485w\" sizes=\"auto, (max-width: 1024px) 100vw, 1024px\" \/><figcaption id=\"caption-attachment-600\" class=\"wp-caption-text\">Quelle: Cyber-Sicherheits-Umfrage 2015 &#8211; Allianz f\u00fcr Cyber-Sicherheit \/ BSI<\/figcaption><\/figure>\n<h2 class=\"western\">Unterschiedliche Angriffsszenarien<\/h2>\n<p>Die Angriffsszenarien sind so unterschiedlich wie die eingesetzten Systeme in der IT-Infrastruktur. Den weit gr\u00f6\u00dften Teil machen derzeit immer noch die ungezielten Angriffe mit Malware Infektionen durch E-Mail Spam und Drive-By Attacken aus.<\/p>\n<figure id=\"attachment_602\" aria-describedby=\"caption-attachment-602\" style=\"width: 1024px\" class=\"wp-caption alignnone\"><img loading=\"lazy\" decoding=\"async\" class=\"size-large wp-image-602\" src=\"https:\/\/www.visionconnect.de\/blog\/wp-content\/uploads\/2016\/03\/Cyberangriffe-Arten-1024x489.jpg\" alt=\"Angriffsszenarien der Cyberattacken\" width=\"1024\" height=\"489\" srcset=\"https:\/\/www.visionconnect.de\/blog\/wp-content\/uploads\/2016\/03\/Cyberangriffe-Arten-1024x489.jpg 1024w, https:\/\/www.visionconnect.de\/blog\/wp-content\/uploads\/2016\/03\/Cyberangriffe-Arten-418x200.jpg 418w, https:\/\/www.visionconnect.de\/blog\/wp-content\/uploads\/2016\/03\/Cyberangriffe-Arten-825x394.jpg 825w, https:\/\/www.visionconnect.de\/blog\/wp-content\/uploads\/2016\/03\/Cyberangriffe-Arten-254x121.jpg 254w, https:\/\/www.visionconnect.de\/blog\/wp-content\/uploads\/2016\/03\/Cyberangriffe-Arten-600x287.jpg 600w, https:\/\/www.visionconnect.de\/blog\/wp-content\/uploads\/2016\/03\/Cyberangriffe-Arten.jpg 1499w\" sizes=\"auto, (max-width: 1024px) 100vw, 1024px\" \/><figcaption id=\"caption-attachment-602\" class=\"wp-caption-text\">Quelle: Cyber-Sicherheits-Umfrage 2015 &#8211; Allianz f\u00fcr Cyber-Sicherheit \/ BSI<\/figcaption><\/figure>\n<p>Laut einer Statistik der Deutschen Telekom haben die Angriffe auf Websites seit Juni 2015 von damals ca. 5 Mill. auf \u00fcber 60 Mill. Im Januar 2016 kontinuierlich zugenommen. Die Deutsche Telekom sammelt in 180 sogenannten Honeypot-Systeme Daten zu Cyber-Attacken im Netz. Diese sollen Hacker zu Angriffen auf Netzwerke oder Web-Seiten verleiten, indem sie eine verwundbare Umgebung vort\u00e4uschen. Auf der Website <a href=\"http:\/\/sicherheitstacho.eu\/\" target=\"_blank\" rel=\"nofollow\">Sicherheitstacho.eu<\/a> lassen sich diese Attacken in real-time verfolgen.<\/p>\n<figure id=\"attachment_601\" aria-describedby=\"caption-attachment-601\" style=\"width: 1024px\" class=\"wp-caption alignnone\"><img loading=\"lazy\" decoding=\"async\" class=\"size-large wp-image-601\" src=\"https:\/\/www.visionconnect.de\/blog\/wp-content\/uploads\/2016\/03\/cyberangriffe-typen-1024x467.jpg\" alt=\"Steigerung der Cyberangriffe nach Typ\" width=\"1024\" height=\"467\" srcset=\"https:\/\/www.visionconnect.de\/blog\/wp-content\/uploads\/2016\/03\/cyberangriffe-typen-1024x467.jpg 1024w, https:\/\/www.visionconnect.de\/blog\/wp-content\/uploads\/2016\/03\/cyberangriffe-typen-418x190.jpg 418w, https:\/\/www.visionconnect.de\/blog\/wp-content\/uploads\/2016\/03\/cyberangriffe-typen-825x376.jpg 825w, https:\/\/www.visionconnect.de\/blog\/wp-content\/uploads\/2016\/03\/cyberangriffe-typen-254x116.jpg 254w, https:\/\/www.visionconnect.de\/blog\/wp-content\/uploads\/2016\/03\/cyberangriffe-typen-600x273.jpg 600w, https:\/\/www.visionconnect.de\/blog\/wp-content\/uploads\/2016\/03\/cyberangriffe-typen.jpg 1038w\" sizes=\"auto, (max-width: 1024px) 100vw, 1024px\" \/><figcaption id=\"caption-attachment-601\" class=\"wp-caption-text\">Sicherheitacho.eu &#8211; Deutsche Telekom<\/figcaption><\/figure>\n<h2>Welche Sicherheitsma\u00dfnahmen kann ich ergreifen?<\/h2>\n<p>Die IHK Hannover veranstaltet zum Thema \u201eDigitaler Blackout: Cyberangriffe erwischen auch Sie!\u201e am Montag, 25.04.2016 in der Zeit von 13.00 &#8211; 17.00 Uhr eine Vortragserie in deren Anschluss eine individuelle Beratung mit Sicherheitsexperten wahrgenommen werden kann.<\/p>\n<p>Antworten zu Fragen wie:<\/p>\n<ul>\n<li>was passiert, wenn Ihre gesamte IT ausf\u00e4llt?<\/li>\n<li>was passiert, wenn Ihre Produktionsanlagen durch IT-Angriffe lahmgelegt werden?<\/li>\n<li>wie Ihre Kunden reagieren, wenn sensible Daten \u00fcber sie zum Stadtgespr\u00e4ch werden?<\/li>\n<li>wie weit Ihre Konkurrenz gehen w\u00fcrde, um Ihnen Marktanteile abzuringen?<\/li>\n<li>was Sie antworten, wenn Sie bei einem Kreditantrag oder bei einer Wirtschaftspr\u00fcfung nach Ihrer IT-Sicherheit gefragt werden?<\/li>\n<\/ul>\n<p>und \u2026<\/p>\n<ul>\n<li>wissen Sie, welche Personen auf Ihre internen Gesch\u00e4ftsdaten zugreifen k\u00f6nnen?<\/li>\n<li>wissen Sie, wie leistungsf\u00e4hig Ihr Dienstleister ist?<\/li>\n<\/ul>\n<p>werden im Rahmen der Veranstaltung beantwortet werden.<\/p>\n<p>Die VisionConnect GmbH stellt f\u00fcr dieser Veranstaltung einen Referenten und Berater.<\/p>\n<p><a href=\"http:\/\/www.hannover.ihk.de\/veranstaltungen\/detailseite\/veranstaltung\/digitale-sicherheit-fuer-wirtsc.html\" target=\"_blank\" rel=\"nofollow\">Weitere Informationen zur Veranstaltung<\/a><\/p>\n","protected":false},"excerpt":{"rendered":"<p>Die IHK Hannover veranstaltet zum Thema \u201eDigitaler Blackout: Cyberangriffe erwischen auch Sie!\u201e eine Vortragsserie<\/p>\n","protected":false},"author":10,"featured_media":608,"comment_status":"open","ping_status":"open","sticky":false,"template":"","format":"standard","meta":{"activitypub_content_warning":"","activitypub_content_visibility":"","activitypub_max_image_attachments":3,"activitypub_interaction_policy_quote":"anyone","activitypub_status":"","footnotes":""},"categories":[5],"tags":[11],"class_list":["post-598","post","type-post","status-publish","format-standard","has-post-thumbnail","hentry","category-technik","tag-sicherheit"],"yoast_head":"<!-- This site is optimized with the Yoast SEO plugin v27.5 - https:\/\/yoast.com\/product\/yoast-seo-wordpress\/ -->\n<title>IT Sicherheit im Unternehmen - VisionConnect: TYPO3 CMS, Wordpress, Shops - Ihre Agentur in Hannover<\/title>\n<meta name=\"robots\" content=\"index, follow, max-snippet:-1, max-image-preview:large, max-video-preview:-1\" \/>\n<link rel=\"canonical\" href=\"https:\/\/www.visionconnect.de\/blog\/2016\/sicherheit-im-unternehmen\/\" \/>\n<meta property=\"og:locale\" content=\"de_DE\" \/>\n<meta property=\"og:type\" content=\"article\" \/>\n<meta property=\"og:title\" content=\"IT Sicherheit im Unternehmen\" \/>\n<meta property=\"og:description\" content=\"Die IHK Hannover veranstaltet zum Thema \u201eDigitaler Blackout: Cyberangriffe erwischen auch Sie!\u201e am Montag, 25.04.2016 in der Zeit von 13.00 - 17.00 Uhr eine Vortragsserie in deren Anschluss eine individuelle Beratung mit Sicherheitsexperten wahrgenommen werden kann.\" \/>\n<meta property=\"og:url\" content=\"https:\/\/www.visionconnect.de\/blog\/2016\/sicherheit-im-unternehmen\/\" \/>\n<meta property=\"og:site_name\" content=\"VisionConnect GmbH Blog\" \/>\n<meta property=\"article:publisher\" content=\"https:\/\/www.facebook.com\/VisionConnectGmbH\" \/>\n<meta property=\"article:published_time\" content=\"2016-03-24T11:05:26+00:00\" \/>\n<meta property=\"article:modified_time\" content=\"2016-03-24T16:19:57+00:00\" \/>\n<meta property=\"og:image\" content=\"https:\/\/www.visionconnect.de\/blog\/wp-content\/uploads\/2016\/03\/it-sicherheit_socialshare-1.jpg\" \/>\n\t<meta property=\"og:image:width\" content=\"590\" \/>\n\t<meta property=\"og:image:height\" content=\"331\" \/>\n\t<meta property=\"og:image:type\" content=\"image\/jpeg\" \/>\n<meta name=\"author\" content=\"Lars Oergel\" \/>\n<meta name=\"twitter:card\" content=\"summary_large_image\" \/>\n<meta name=\"twitter:title\" content=\"IT Sicherheit im Unternehmen\" \/>\n<meta name=\"twitter:description\" content=\"Die IHK Hannover veranstaltet zum Thema \u201eDigitaler Blackout: Cyberangriffe erwischen auch Sie!\u201e eine Vortragsserie.\" \/>\n<meta name=\"twitter:image\" content=\"https:\/\/www.visionconnect.de\/blog\/wp-content\/uploads\/2016\/03\/it-sicherheit_socialshare-1.jpg\" \/>\n<meta name=\"twitter:creator\" content=\"@visionconnect\" \/>\n<meta name=\"twitter:site\" content=\"@visionconnect\" \/>\n<meta name=\"twitter:label1\" content=\"Geschrieben von\" \/>\n\t<meta name=\"twitter:data1\" content=\"Lars Oergel\" \/>\n\t<meta name=\"twitter:label2\" content=\"Gesch\u00e4tzte Lesezeit\" \/>\n\t<meta name=\"twitter:data2\" content=\"2\u00a0Minuten\" \/>\n<script type=\"application\/ld+json\" class=\"yoast-schema-graph\">{\"@context\":\"https:\\\/\\\/schema.org\",\"@graph\":[{\"@type\":\"Article\",\"@id\":\"https:\\\/\\\/www.visionconnect.de\\\/blog\\\/2016\\\/sicherheit-im-unternehmen\\\/#article\",\"isPartOf\":{\"@id\":\"https:\\\/\\\/www.visionconnect.de\\\/blog\\\/2016\\\/sicherheit-im-unternehmen\\\/\"},\"author\":{\"name\":\"Lars Oergel\",\"@id\":\"https:\\\/\\\/www.visionconnect.de\\\/blog\\\/#\\\/schema\\\/person\\\/b7b98e170a68e90cfcbce2a5fa8559b2\"},\"headline\":\"IT Sicherheit im Unternehmen\",\"datePublished\":\"2016-03-24T11:05:26+00:00\",\"dateModified\":\"2016-03-24T16:19:57+00:00\",\"mainEntityOfPage\":{\"@id\":\"https:\\\/\\\/www.visionconnect.de\\\/blog\\\/2016\\\/sicherheit-im-unternehmen\\\/\"},\"wordCount\":399,\"commentCount\":0,\"image\":{\"@id\":\"https:\\\/\\\/www.visionconnect.de\\\/blog\\\/2016\\\/sicherheit-im-unternehmen\\\/#primaryimage\"},\"thumbnailUrl\":\"https:\\\/\\\/www.visionconnect.de\\\/blog\\\/wp-content\\\/uploads\\\/2016\\\/03\\\/2016_03_24_blog_itsicherheit_v02.jpg\",\"keywords\":[\"Sicherheit\"],\"articleSection\":[\"Technik\"],\"inLanguage\":\"de\",\"potentialAction\":[{\"@type\":\"CommentAction\",\"name\":\"Comment\",\"target\":[\"https:\\\/\\\/www.visionconnect.de\\\/blog\\\/2016\\\/sicherheit-im-unternehmen\\\/#respond\"]}]},{\"@type\":\"WebPage\",\"@id\":\"https:\\\/\\\/www.visionconnect.de\\\/blog\\\/2016\\\/sicherheit-im-unternehmen\\\/\",\"url\":\"https:\\\/\\\/www.visionconnect.de\\\/blog\\\/2016\\\/sicherheit-im-unternehmen\\\/\",\"name\":\"IT Sicherheit im Unternehmen - VisionConnect: TYPO3 CMS, Wordpress, Shops - Ihre Agentur in Hannover\",\"isPartOf\":{\"@id\":\"https:\\\/\\\/www.visionconnect.de\\\/blog\\\/#website\"},\"primaryImageOfPage\":{\"@id\":\"https:\\\/\\\/www.visionconnect.de\\\/blog\\\/2016\\\/sicherheit-im-unternehmen\\\/#primaryimage\"},\"image\":{\"@id\":\"https:\\\/\\\/www.visionconnect.de\\\/blog\\\/2016\\\/sicherheit-im-unternehmen\\\/#primaryimage\"},\"thumbnailUrl\":\"https:\\\/\\\/www.visionconnect.de\\\/blog\\\/wp-content\\\/uploads\\\/2016\\\/03\\\/2016_03_24_blog_itsicherheit_v02.jpg\",\"datePublished\":\"2016-03-24T11:05:26+00:00\",\"dateModified\":\"2016-03-24T16:19:57+00:00\",\"author\":{\"@id\":\"https:\\\/\\\/www.visionconnect.de\\\/blog\\\/#\\\/schema\\\/person\\\/b7b98e170a68e90cfcbce2a5fa8559b2\"},\"breadcrumb\":{\"@id\":\"https:\\\/\\\/www.visionconnect.de\\\/blog\\\/2016\\\/sicherheit-im-unternehmen\\\/#breadcrumb\"},\"inLanguage\":\"de\",\"potentialAction\":[{\"@type\":\"ReadAction\",\"target\":[\"https:\\\/\\\/www.visionconnect.de\\\/blog\\\/2016\\\/sicherheit-im-unternehmen\\\/\"]}]},{\"@type\":\"ImageObject\",\"inLanguage\":\"de\",\"@id\":\"https:\\\/\\\/www.visionconnect.de\\\/blog\\\/2016\\\/sicherheit-im-unternehmen\\\/#primaryimage\",\"url\":\"https:\\\/\\\/www.visionconnect.de\\\/blog\\\/wp-content\\\/uploads\\\/2016\\\/03\\\/2016_03_24_blog_itsicherheit_v02.jpg\",\"contentUrl\":\"https:\\\/\\\/www.visionconnect.de\\\/blog\\\/wp-content\\\/uploads\\\/2016\\\/03\\\/2016_03_24_blog_itsicherheit_v02.jpg\",\"width\":1080,\"height\":407,\"caption\":\"IT Sicherheit\"},{\"@type\":\"BreadcrumbList\",\"@id\":\"https:\\\/\\\/www.visionconnect.de\\\/blog\\\/2016\\\/sicherheit-im-unternehmen\\\/#breadcrumb\",\"itemListElement\":[{\"@type\":\"ListItem\",\"position\":1,\"name\":\"Home\",\"item\":\"https:\\\/\\\/www.visionconnect.de\\\/blog\\\/\"},{\"@type\":\"ListItem\",\"position\":2,\"name\":\"IT Sicherheit im Unternehmen\"}]},{\"@type\":\"WebSite\",\"@id\":\"https:\\\/\\\/www.visionconnect.de\\\/blog\\\/#website\",\"url\":\"https:\\\/\\\/www.visionconnect.de\\\/blog\\\/\",\"name\":\"VisionConnect GmbH Blog\",\"description\":\"\",\"potentialAction\":[{\"@type\":\"SearchAction\",\"target\":{\"@type\":\"EntryPoint\",\"urlTemplate\":\"https:\\\/\\\/www.visionconnect.de\\\/blog\\\/?s={search_term_string}\"},\"query-input\":{\"@type\":\"PropertyValueSpecification\",\"valueRequired\":true,\"valueName\":\"search_term_string\"}}],\"inLanguage\":\"de\"},{\"@type\":\"Person\",\"@id\":\"https:\\\/\\\/www.visionconnect.de\\\/blog\\\/#\\\/schema\\\/person\\\/b7b98e170a68e90cfcbce2a5fa8559b2\",\"name\":\"Lars Oergel\",\"image\":{\"@type\":\"ImageObject\",\"inLanguage\":\"de\",\"@id\":\"https:\\\/\\\/secure.gravatar.com\\\/avatar\\\/5eccb36a6fca5fe49d4963f451f19ac7e13f2987144e53eef7de02f34fdc654d?s=96&d=mm&r=pg\",\"url\":\"https:\\\/\\\/secure.gravatar.com\\\/avatar\\\/5eccb36a6fca5fe49d4963f451f19ac7e13f2987144e53eef7de02f34fdc654d?s=96&d=mm&r=pg\",\"contentUrl\":\"https:\\\/\\\/secure.gravatar.com\\\/avatar\\\/5eccb36a6fca5fe49d4963f451f19ac7e13f2987144e53eef7de02f34fdc654d?s=96&d=mm&r=pg\",\"caption\":\"Lars Oergel\"},\"description\":\"F\u00fcr die VisionConnect GmbH arbeite ich seit 18 Jahren im Bereich Projektmanagement und Projektbetreuung. F\u00fcr unsere Kunden erarbeite ich mit meinem Team L\u00f6sungen f\u00fcr die digitalen Herausforderungen. Neben meiner Arbeit bin ich gerne auf dem Wasser oder genie\u00dfe meine Freizeit mit meiner Familie.\",\"url\":\"https:\\\/\\\/www.visionconnect.de\\\/blog\\\/author\\\/oergel\\\/\"}]}<\/script>\n<!-- \/ Yoast SEO plugin. -->","yoast_head_json":{"title":"IT Sicherheit im Unternehmen - VisionConnect: TYPO3 CMS, Wordpress, Shops - Ihre Agentur in Hannover","robots":{"index":"index","follow":"follow","max-snippet":"max-snippet:-1","max-image-preview":"max-image-preview:large","max-video-preview":"max-video-preview:-1"},"canonical":"https:\/\/www.visionconnect.de\/blog\/2016\/sicherheit-im-unternehmen\/","og_locale":"de_DE","og_type":"article","og_title":"IT Sicherheit im Unternehmen","og_description":"Die IHK Hannover veranstaltet zum Thema \u201eDigitaler Blackout: Cyberangriffe erwischen auch Sie!\u201e am Montag, 25.04.2016 in der Zeit von 13.00 - 17.00 Uhr eine Vortragsserie in deren Anschluss eine individuelle Beratung mit Sicherheitsexperten wahrgenommen werden kann.","og_url":"https:\/\/www.visionconnect.de\/blog\/2016\/sicherheit-im-unternehmen\/","og_site_name":"VisionConnect GmbH Blog","article_publisher":"https:\/\/www.facebook.com\/VisionConnectGmbH","article_published_time":"2016-03-24T11:05:26+00:00","article_modified_time":"2016-03-24T16:19:57+00:00","og_image":[{"width":590,"height":331,"url":"https:\/\/www.visionconnect.de\/blog\/wp-content\/uploads\/2016\/03\/it-sicherheit_socialshare-1.jpg","type":"image\/jpeg"}],"author":"Lars Oergel","twitter_card":"summary_large_image","twitter_title":"IT Sicherheit im Unternehmen","twitter_description":"Die IHK Hannover veranstaltet zum Thema \u201eDigitaler Blackout: Cyberangriffe erwischen auch Sie!\u201e eine Vortragsserie.","twitter_image":"https:\/\/www.visionconnect.de\/blog\/wp-content\/uploads\/2016\/03\/it-sicherheit_socialshare-1.jpg","twitter_creator":"@visionconnect","twitter_site":"@visionconnect","twitter_misc":{"Geschrieben von":"Lars Oergel","Gesch\u00e4tzte Lesezeit":"2\u00a0Minuten"},"schema":{"@context":"https:\/\/schema.org","@graph":[{"@type":"Article","@id":"https:\/\/www.visionconnect.de\/blog\/2016\/sicherheit-im-unternehmen\/#article","isPartOf":{"@id":"https:\/\/www.visionconnect.de\/blog\/2016\/sicherheit-im-unternehmen\/"},"author":{"name":"Lars Oergel","@id":"https:\/\/www.visionconnect.de\/blog\/#\/schema\/person\/b7b98e170a68e90cfcbce2a5fa8559b2"},"headline":"IT Sicherheit im Unternehmen","datePublished":"2016-03-24T11:05:26+00:00","dateModified":"2016-03-24T16:19:57+00:00","mainEntityOfPage":{"@id":"https:\/\/www.visionconnect.de\/blog\/2016\/sicherheit-im-unternehmen\/"},"wordCount":399,"commentCount":0,"image":{"@id":"https:\/\/www.visionconnect.de\/blog\/2016\/sicherheit-im-unternehmen\/#primaryimage"},"thumbnailUrl":"https:\/\/www.visionconnect.de\/blog\/wp-content\/uploads\/2016\/03\/2016_03_24_blog_itsicherheit_v02.jpg","keywords":["Sicherheit"],"articleSection":["Technik"],"inLanguage":"de","potentialAction":[{"@type":"CommentAction","name":"Comment","target":["https:\/\/www.visionconnect.de\/blog\/2016\/sicherheit-im-unternehmen\/#respond"]}]},{"@type":"WebPage","@id":"https:\/\/www.visionconnect.de\/blog\/2016\/sicherheit-im-unternehmen\/","url":"https:\/\/www.visionconnect.de\/blog\/2016\/sicherheit-im-unternehmen\/","name":"IT Sicherheit im Unternehmen - VisionConnect: TYPO3 CMS, Wordpress, Shops - Ihre Agentur in Hannover","isPartOf":{"@id":"https:\/\/www.visionconnect.de\/blog\/#website"},"primaryImageOfPage":{"@id":"https:\/\/www.visionconnect.de\/blog\/2016\/sicherheit-im-unternehmen\/#primaryimage"},"image":{"@id":"https:\/\/www.visionconnect.de\/blog\/2016\/sicherheit-im-unternehmen\/#primaryimage"},"thumbnailUrl":"https:\/\/www.visionconnect.de\/blog\/wp-content\/uploads\/2016\/03\/2016_03_24_blog_itsicherheit_v02.jpg","datePublished":"2016-03-24T11:05:26+00:00","dateModified":"2016-03-24T16:19:57+00:00","author":{"@id":"https:\/\/www.visionconnect.de\/blog\/#\/schema\/person\/b7b98e170a68e90cfcbce2a5fa8559b2"},"breadcrumb":{"@id":"https:\/\/www.visionconnect.de\/blog\/2016\/sicherheit-im-unternehmen\/#breadcrumb"},"inLanguage":"de","potentialAction":[{"@type":"ReadAction","target":["https:\/\/www.visionconnect.de\/blog\/2016\/sicherheit-im-unternehmen\/"]}]},{"@type":"ImageObject","inLanguage":"de","@id":"https:\/\/www.visionconnect.de\/blog\/2016\/sicherheit-im-unternehmen\/#primaryimage","url":"https:\/\/www.visionconnect.de\/blog\/wp-content\/uploads\/2016\/03\/2016_03_24_blog_itsicherheit_v02.jpg","contentUrl":"https:\/\/www.visionconnect.de\/blog\/wp-content\/uploads\/2016\/03\/2016_03_24_blog_itsicherheit_v02.jpg","width":1080,"height":407,"caption":"IT Sicherheit"},{"@type":"BreadcrumbList","@id":"https:\/\/www.visionconnect.de\/blog\/2016\/sicherheit-im-unternehmen\/#breadcrumb","itemListElement":[{"@type":"ListItem","position":1,"name":"Home","item":"https:\/\/www.visionconnect.de\/blog\/"},{"@type":"ListItem","position":2,"name":"IT Sicherheit im Unternehmen"}]},{"@type":"WebSite","@id":"https:\/\/www.visionconnect.de\/blog\/#website","url":"https:\/\/www.visionconnect.de\/blog\/","name":"VisionConnect GmbH Blog","description":"","potentialAction":[{"@type":"SearchAction","target":{"@type":"EntryPoint","urlTemplate":"https:\/\/www.visionconnect.de\/blog\/?s={search_term_string}"},"query-input":{"@type":"PropertyValueSpecification","valueRequired":true,"valueName":"search_term_string"}}],"inLanguage":"de"},{"@type":"Person","@id":"https:\/\/www.visionconnect.de\/blog\/#\/schema\/person\/b7b98e170a68e90cfcbce2a5fa8559b2","name":"Lars Oergel","image":{"@type":"ImageObject","inLanguage":"de","@id":"https:\/\/secure.gravatar.com\/avatar\/5eccb36a6fca5fe49d4963f451f19ac7e13f2987144e53eef7de02f34fdc654d?s=96&d=mm&r=pg","url":"https:\/\/secure.gravatar.com\/avatar\/5eccb36a6fca5fe49d4963f451f19ac7e13f2987144e53eef7de02f34fdc654d?s=96&d=mm&r=pg","contentUrl":"https:\/\/secure.gravatar.com\/avatar\/5eccb36a6fca5fe49d4963f451f19ac7e13f2987144e53eef7de02f34fdc654d?s=96&d=mm&r=pg","caption":"Lars Oergel"},"description":"F\u00fcr die VisionConnect GmbH arbeite ich seit 18 Jahren im Bereich Projektmanagement und Projektbetreuung. F\u00fcr unsere Kunden erarbeite ich mit meinem Team L\u00f6sungen f\u00fcr die digitalen Herausforderungen. Neben meiner Arbeit bin ich gerne auf dem Wasser oder genie\u00dfe meine Freizeit mit meiner Familie.","url":"https:\/\/www.visionconnect.de\/blog\/author\/oergel\/"}]}},"amp_enabled":true,"_links":{"self":[{"href":"https:\/\/www.visionconnect.de\/blog\/wp-json\/wp\/v2\/posts\/598","targetHints":{"allow":["GET"]}}],"collection":[{"href":"https:\/\/www.visionconnect.de\/blog\/wp-json\/wp\/v2\/posts"}],"about":[{"href":"https:\/\/www.visionconnect.de\/blog\/wp-json\/wp\/v2\/types\/post"}],"author":[{"embeddable":true,"href":"https:\/\/www.visionconnect.de\/blog\/wp-json\/wp\/v2\/users\/10"}],"replies":[{"embeddable":true,"href":"https:\/\/www.visionconnect.de\/blog\/wp-json\/wp\/v2\/comments?post=598"}],"version-history":[{"count":8,"href":"https:\/\/www.visionconnect.de\/blog\/wp-json\/wp\/v2\/posts\/598\/revisions"}],"predecessor-version":[{"id":611,"href":"https:\/\/www.visionconnect.de\/blog\/wp-json\/wp\/v2\/posts\/598\/revisions\/611"}],"wp:featuredmedia":[{"embeddable":true,"href":"https:\/\/www.visionconnect.de\/blog\/wp-json\/wp\/v2\/media\/608"}],"wp:attachment":[{"href":"https:\/\/www.visionconnect.de\/blog\/wp-json\/wp\/v2\/media?parent=598"}],"wp:term":[{"taxonomy":"category","embeddable":true,"href":"https:\/\/www.visionconnect.de\/blog\/wp-json\/wp\/v2\/categories?post=598"},{"taxonomy":"post_tag","embeddable":true,"href":"https:\/\/www.visionconnect.de\/blog\/wp-json\/wp\/v2\/tags?post=598"}],"curies":[{"name":"wp","href":"https:\/\/api.w.org\/{rel}","templated":true}]}}