{"id":652,"date":"2016-06-15T13:29:54","date_gmt":"2016-06-15T11:29:54","guid":{"rendered":"https:\/\/www.visionconnect.de\/blog\/?p=652"},"modified":"2016-09-29T10:25:54","modified_gmt":"2016-09-29T08:25:54","slug":"typo3camp-stuttgart","status":"publish","type":"post","link":"https:\/\/www.visionconnect.de\/blog\/2016\/typo3camp-stuttgart\/","title":{"rendered":"TYPO3camp Stuttgart 10-12.06.2016"},"content":{"rendered":"<p>In diesem Jahr fand wieder die bereits 6. Auflage des <a title=\"Zur Webseite des TYPO3 Camps in Stuttgart\" href=\"https:\/\/t3cs.de\/\" target=\"_blank\" rel=\"nofollow\">TYPO3camp in Stuttgart<\/a> im Schloss der Uni Hohenheim statt. Das TYPO3camp wird im Stil eines <a title=\"Was sind Barcamps? Wikipedia gibt Auskunft.\" href=\"https:\/\/de.wikipedia.org\/wiki\/Barcamp\" target=\"_blank\" rel=\"nofollow\">Barcamps<\/a> oder sogenannten Unconference organisiert und ist eines der schnellst ausverkauften Camps im TYPO3 Umfeld.<\/p>\n<figure id=\"attachment_659\" aria-describedby=\"caption-attachment-659\" style=\"width: 254px\" class=\"wp-caption alignleft\"><a href=\"https:\/\/www.visionconnect.de\/blog\/wp-content\/uploads\/2016\/06\/TYPO3-Camp-Stuttgart.jpg\"><img loading=\"lazy\" decoding=\"async\" class=\"wp-image-659 size-medium\" src=\"https:\/\/www.visionconnect.de\/blog\/wp-content\/uploads\/2016\/06\/TYPO3-Camp-Stuttgart-254x143.jpg\" alt=\"TYPO3camp Stuttgart\" width=\"254\" height=\"143\" srcset=\"https:\/\/www.visionconnect.de\/blog\/wp-content\/uploads\/2016\/06\/TYPO3-Camp-Stuttgart-254x143.jpg 254w, https:\/\/www.visionconnect.de\/blog\/wp-content\/uploads\/2016\/06\/TYPO3-Camp-Stuttgart-418x235.jpg 418w, https:\/\/www.visionconnect.de\/blog\/wp-content\/uploads\/2016\/06\/TYPO3-Camp-Stuttgart-825x464.jpg 825w, https:\/\/www.visionconnect.de\/blog\/wp-content\/uploads\/2016\/06\/TYPO3-Camp-Stuttgart.jpg 1024w, https:\/\/www.visionconnect.de\/blog\/wp-content\/uploads\/2016\/06\/TYPO3-Camp-Stuttgart-600x338.jpg 600w\" sizes=\"auto, (max-width: 254px) 100vw, 254px\" \/><\/a><figcaption id=\"caption-attachment-659\" class=\"wp-caption-text\">Volles Haus beim TYPO3camp in Stuttgart<\/figcaption><\/figure>\n<p>Zu Beginn des Camps werden also die m\u00f6glichen Inhalte und Workshops vorgestellt und es wird in der Runde abgestimmt, welche Themen einen Zeit-Slot und einen Raum bekommen.<br \/>\n Es ist also im Vorfeld nicht klar, wer welche Sessions h\u00e4lt. Zus\u00e4tzlich zu den freiwilligen Speakern d\u00fcrfen sich die G\u00e4ste nat\u00fcrlich auch Themen w\u00fcnschen, zu denen sich dann auch in der Regel ein Referent und gen\u00fcgend Teilnehmer finden.<\/p>\n<h2 class=\"western\">Warm up<\/h2>\n<p>Wie jedes Jahr gab es auch am Freitagabend bereits eine Warm-Up-Party die mit gut 100 Teilnehmern auch bestens besucht war. Dank der von Thomas L\u00f6ffler organisierten Leinwand bestand f\u00fcr die EM-Begeisterten die M\u00f6glichkeit das Spiel Frankreich \u2013 Rum\u00e4nien anzusehen.<\/p>\n<p>Aufgrund des (noch) erstaunlich guten Wetters haben auch einige das Camp WLAN von <a href=\"https:\/\/jweiland.net\/\" target=\"_blank\" rel=\"nofollow\">jweiland.net<\/a> direkt genutzt um mit Handy oder Tablet das Spiel im Schlossgarten anzusehen.<\/p>\n<h2 class=\"western\">Die Sessions<\/h2>\n<p>Die Aufteilung der Sessionplanung auf die beiden Camp-Tage, war aus meiner Sicht sehr effektiv und hat den Ablauf beschleunigt. Den finalen Sessionplan und die verf\u00fcgbaren Slides zu den Sessions kann man <a href=\"https:\/\/archiv.t3cs.de\/2016\/\">hier<\/a> ansehen. Auch bei Twitter unter dem Hashtag <a title=\"Alle Twitter Beitr\u00e4ge zum Hashtag #t3cs\" href=\"https:\/\/twitter.com\/hashtag\/t3cs\" target=\"_blank\" rel=\"nofollow\">#t3cs<\/a> gibt es noch einiges nachzulesen.<\/p>\n<p>Pers\u00f6nlich hervorzuheben m\u00f6chte ich die Session \u201eTYPO3 What&#8217;s next?\u201c von Mattes (Matthias Schreiber, dem CEO der neuen TYPO3 Inc.). Hier wurde unter anderem den Teilnehmern die geplante Roadmap und Strategie f\u00fcr den n\u00e4chsten Release vorgestellt. Es geht aus meiner Sicht in eine gute Richtung und zeigt das TYPO3 zwar ein CMS Dinosaurier, aber einer mit Zukunft ist.<\/p>\n<p>Viele Sessions gab es zum Thema Deployment und Content Element Erstellung. Gerade aber auch das Thema Docker\/Microservices war recht stark vertreten und zeigt den Bedarf in diesem Umfeld.<\/p>\n<p>Ein weiteres Highlight war sicher der \u201eExtbase Workshop f\u00fcr Einsteiger\u201c von Andrea, der auch den Pokal f\u00fcr die beste Session erhalten hat.<\/p>\n<h2 class=\"western\">Rahmenprogramm<\/h2>\n<p>Wie es sich in alter Tradition f\u00fcr das Stuttgarter Camp geh\u00f6rt, war auch das Essen wieder hervorragend. Nach dem Buffet ging es fast nahtlos in die Party in der tollen Atmosph\u00e4re des Schloss der Uni Hohenheim \u00fcber. Musikalisch abwechslungsreich gestaltet wurde der Abend wieder von Ralf und Robert, die zusammen mit dem Cocktail-Team sehr gute Stimmungsarbeit geleistet haben!<\/p>\n<p>Auch dieses Jahr bestand wieder die M\u00f6glichkeit die Schlosskuppel der Uni Hohenheim im Rahmen einer F\u00fchrung durch Daniel Fehrle zu besichtigen. Dank eines regenfreien Zeitfensters und kr\u00e4ftigen Wind, hatte man am Sonntag auch einen sehr guten Fernblick. Vielen Dank f\u00fcr den Interessanten Einblick!<\/p>\n<h2 class=\"western\">Fazit<\/h2>\n<p>Es war wieder ein sehr gelungenes Camp, bei dem neben den interessanten und informativen Sessions auch das Networking und Socializing nicht zu kurz kam.<\/p>\n<p>Vielen Dank an alle Teilnehmer und vor allem auch an die Sponsoren! <a title=\"Alle Twitter Beitr\u00e4ge von b33eye\" href=\"https:\/\/twitter.com\/b33eye\" target=\"_blank\" rel=\"nofollow\">@b33eye<\/a><\/p>\n","protected":false},"excerpt":{"rendered":"<p>Jan Kr\u00fcger war f\u00fcr die VisionConnect GmbH beim TYPO3camp Stuttgart 10-12.06.2016. Eine R\u00fcckschau \u00fcber die Sessions und das Rahmenprogramm.<\/p>\n","protected":false},"author":11,"featured_media":656,"comment_status":"open","ping_status":"open","sticky":false,"template":"","format":"standard","meta":{"activitypub_content_warning":"","activitypub_content_visibility":"","activitypub_max_image_attachments":3,"activitypub_interaction_policy_quote":"anyone","activitypub_status":"","footnotes":""},"categories":[2],"tags":[10],"class_list":["post-652","post","type-post","status-publish","format-standard","has-post-thumbnail","hentry","category-cms","tag-typo3"],"yoast_head":"<!-- This site is optimized with the Yoast SEO plugin v27.5 - https:\/\/yoast.com\/product\/yoast-seo-wordpress\/ -->\n<title>TYPO3camp Stuttgart 10-12.06 - VisionConnect GmbH Blog<\/title>\n<meta name=\"description\" content=\"Jan Kr\u00fcger war f\u00fcr die VisionConnect GmbH beim TYPO3camp Stuttgart 10-12.06.2016. Eine R\u00fcckschau \u00fcber die Sessions und das Rahmenprogramm.\" \/>\n<meta name=\"robots\" content=\"index, follow, max-snippet:-1, max-image-preview:large, max-video-preview:-1\" \/>\n<link rel=\"canonical\" href=\"https:\/\/www.visionconnect.de\/blog\/2016\/typo3camp-stuttgart\/\" \/>\n<meta property=\"og:locale\" content=\"de_DE\" \/>\n<meta property=\"og:type\" content=\"article\" \/>\n<meta property=\"og:title\" content=\"TYPO3camp Stuttgart 10-12.06 \u2013 VisionConnect Recap\" \/>\n<meta property=\"og:description\" content=\"Jan Kr\u00fcger war f\u00fcr die VisionConnect GmbH beim TYPO3camp Stuttgart 10-12.06.2016. Eine R\u00fcckschau \u00fcber die Sessions und das Rahmenprogramm.\" \/>\n<meta property=\"og:url\" content=\"https:\/\/www.visionconnect.de\/blog\/2016\/typo3camp-stuttgart\/\" \/>\n<meta property=\"og:site_name\" content=\"VisionConnect GmbH Blog\" \/>\n<meta property=\"article:publisher\" content=\"https:\/\/www.facebook.com\/VisionConnectGmbH\" \/>\n<meta property=\"article:published_time\" content=\"2016-06-15T11:29:54+00:00\" \/>\n<meta property=\"article:modified_time\" content=\"2016-09-29T08:25:54+00:00\" \/>\n<meta property=\"og:image\" content=\"https:\/\/www.visionconnect.de\/blog\/wp-content\/uploads\/2016\/06\/cms-typo3-camp-stuttgart-soc.jpg\" \/>\n\t<meta property=\"og:image:width\" content=\"590\" \/>\n\t<meta property=\"og:image:height\" content=\"331\" \/>\n\t<meta property=\"og:image:type\" content=\"image\/jpeg\" \/>\n<meta name=\"author\" content=\"Jan Kr\u00fcger\" \/>\n<meta name=\"twitter:card\" content=\"summary_large_image\" \/>\n<meta name=\"twitter:title\" content=\"TYPO3camp Stuttgart 10-12.06 \u2013 VisionConnect Recap\" \/>\n<meta name=\"twitter:description\" content=\"Jan Kr\u00fcger war f\u00fcr die VisionConnect GmbH beim TYPO3camp Stuttgart 10-12.06.2016. Eine R\u00fcckschau \u00fcber die Sessions und das Rahmenprogramm.\" \/>\n<meta name=\"twitter:image\" content=\"https:\/\/www.visionconnect.de\/blog\/wp-content\/uploads\/2016\/06\/cms-typo3-camp-stuttgart-soc.jpg\" \/>\n<meta name=\"twitter:creator\" content=\"@visionconnect\" \/>\n<meta name=\"twitter:site\" content=\"@visionconnect\" \/>\n<meta name=\"twitter:label1\" content=\"Geschrieben von\" \/>\n\t<meta name=\"twitter:data1\" content=\"Jan Kr\u00fcger\" \/>\n\t<meta name=\"twitter:label2\" content=\"Gesch\u00e4tzte Lesezeit\" \/>\n\t<meta name=\"twitter:data2\" content=\"3\u00a0Minuten\" \/>\n<script type=\"application\/ld+json\" class=\"yoast-schema-graph\">{\"@context\":\"https:\\\/\\\/schema.org\",\"@graph\":[{\"@type\":\"Article\",\"@id\":\"https:\\\/\\\/www.visionconnect.de\\\/blog\\\/2016\\\/typo3camp-stuttgart\\\/#article\",\"isPartOf\":{\"@id\":\"https:\\\/\\\/www.visionconnect.de\\\/blog\\\/2016\\\/typo3camp-stuttgart\\\/\"},\"author\":{\"name\":\"Jan Kr\u00fcger\",\"@id\":\"https:\\\/\\\/www.visionconnect.de\\\/blog\\\/#\\\/schema\\\/person\\\/ff47eeda8dcfca19c34d2d529a3af9d5\"},\"headline\":\"TYPO3camp Stuttgart 10-12.06.2016\",\"datePublished\":\"2016-06-15T11:29:54+00:00\",\"dateModified\":\"2016-09-29T08:25:54+00:00\",\"mainEntityOfPage\":{\"@id\":\"https:\\\/\\\/www.visionconnect.de\\\/blog\\\/2016\\\/typo3camp-stuttgart\\\/\"},\"wordCount\":514,\"commentCount\":0,\"image\":{\"@id\":\"https:\\\/\\\/www.visionconnect.de\\\/blog\\\/2016\\\/typo3camp-stuttgart\\\/#primaryimage\"},\"thumbnailUrl\":\"https:\\\/\\\/www.visionconnect.de\\\/blog\\\/wp-content\\\/uploads\\\/2016\\\/06\\\/cms-typo3-camp-stuttgart.jpg\",\"keywords\":[\"TYPO3\"],\"articleSection\":[\"Content Management Systeme\"],\"inLanguage\":\"de\",\"potentialAction\":[{\"@type\":\"CommentAction\",\"name\":\"Comment\",\"target\":[\"https:\\\/\\\/www.visionconnect.de\\\/blog\\\/2016\\\/typo3camp-stuttgart\\\/#respond\"]}]},{\"@type\":\"WebPage\",\"@id\":\"https:\\\/\\\/www.visionconnect.de\\\/blog\\\/2016\\\/typo3camp-stuttgart\\\/\",\"url\":\"https:\\\/\\\/www.visionconnect.de\\\/blog\\\/2016\\\/typo3camp-stuttgart\\\/\",\"name\":\"TYPO3camp Stuttgart 10-12.06 - VisionConnect GmbH Blog\",\"isPartOf\":{\"@id\":\"https:\\\/\\\/www.visionconnect.de\\\/blog\\\/#website\"},\"primaryImageOfPage\":{\"@id\":\"https:\\\/\\\/www.visionconnect.de\\\/blog\\\/2016\\\/typo3camp-stuttgart\\\/#primaryimage\"},\"image\":{\"@id\":\"https:\\\/\\\/www.visionconnect.de\\\/blog\\\/2016\\\/typo3camp-stuttgart\\\/#primaryimage\"},\"thumbnailUrl\":\"https:\\\/\\\/www.visionconnect.de\\\/blog\\\/wp-content\\\/uploads\\\/2016\\\/06\\\/cms-typo3-camp-stuttgart.jpg\",\"datePublished\":\"2016-06-15T11:29:54+00:00\",\"dateModified\":\"2016-09-29T08:25:54+00:00\",\"author\":{\"@id\":\"https:\\\/\\\/www.visionconnect.de\\\/blog\\\/#\\\/schema\\\/person\\\/ff47eeda8dcfca19c34d2d529a3af9d5\"},\"description\":\"Jan Kr\u00fcger war f\u00fcr die VisionConnect GmbH beim TYPO3camp Stuttgart 10-12.06.2016. Eine R\u00fcckschau \u00fcber die Sessions und das Rahmenprogramm.\",\"breadcrumb\":{\"@id\":\"https:\\\/\\\/www.visionconnect.de\\\/blog\\\/2016\\\/typo3camp-stuttgart\\\/#breadcrumb\"},\"inLanguage\":\"de\",\"potentialAction\":[{\"@type\":\"ReadAction\",\"target\":[\"https:\\\/\\\/www.visionconnect.de\\\/blog\\\/2016\\\/typo3camp-stuttgart\\\/\"]}]},{\"@type\":\"ImageObject\",\"inLanguage\":\"de\",\"@id\":\"https:\\\/\\\/www.visionconnect.de\\\/blog\\\/2016\\\/typo3camp-stuttgart\\\/#primaryimage\",\"url\":\"https:\\\/\\\/www.visionconnect.de\\\/blog\\\/wp-content\\\/uploads\\\/2016\\\/06\\\/cms-typo3-camp-stuttgart.jpg\",\"contentUrl\":\"https:\\\/\\\/www.visionconnect.de\\\/blog\\\/wp-content\\\/uploads\\\/2016\\\/06\\\/cms-typo3-camp-stuttgart.jpg\",\"width\":1080,\"height\":407,\"caption\":\"TYPO3camp Stuttgart\"},{\"@type\":\"BreadcrumbList\",\"@id\":\"https:\\\/\\\/www.visionconnect.de\\\/blog\\\/2016\\\/typo3camp-stuttgart\\\/#breadcrumb\",\"itemListElement\":[{\"@type\":\"ListItem\",\"position\":1,\"name\":\"Home\",\"item\":\"https:\\\/\\\/www.visionconnect.de\\\/blog\\\/\"},{\"@type\":\"ListItem\",\"position\":2,\"name\":\"TYPO3camp Stuttgart 10-12.06.2016\"}]},{\"@type\":\"WebSite\",\"@id\":\"https:\\\/\\\/www.visionconnect.de\\\/blog\\\/#website\",\"url\":\"https:\\\/\\\/www.visionconnect.de\\\/blog\\\/\",\"name\":\"VisionConnect GmbH Blog\",\"description\":\"\",\"potentialAction\":[{\"@type\":\"SearchAction\",\"target\":{\"@type\":\"EntryPoint\",\"urlTemplate\":\"https:\\\/\\\/www.visionconnect.de\\\/blog\\\/?s={search_term_string}\"},\"query-input\":{\"@type\":\"PropertyValueSpecification\",\"valueRequired\":true,\"valueName\":\"search_term_string\"}}],\"inLanguage\":\"de\"},{\"@type\":\"Person\",\"@id\":\"https:\\\/\\\/www.visionconnect.de\\\/blog\\\/#\\\/schema\\\/person\\\/ff47eeda8dcfca19c34d2d529a3af9d5\",\"name\":\"Jan Kr\u00fcger\",\"image\":{\"@type\":\"ImageObject\",\"inLanguage\":\"de\",\"@id\":\"https:\\\/\\\/www.visionconnect.de\\\/blog\\\/wp-content\\\/uploads\\\/2025\\\/04\\\/cropped-jk-96x96.png\",\"url\":\"https:\\\/\\\/www.visionconnect.de\\\/blog\\\/wp-content\\\/uploads\\\/2025\\\/04\\\/cropped-jk-96x96.png\",\"contentUrl\":\"https:\\\/\\\/www.visionconnect.de\\\/blog\\\/wp-content\\\/uploads\\\/2025\\\/04\\\/cropped-jk-96x96.png\",\"caption\":\"Jan Kr\u00fcger\"},\"description\":\"Seit \u00fcber 20 Jahren bin im Bereich Software-Entwicklung in verschiedenen Positionen unterwegs. Meine Leidenschaft gilt insbesondere dem Einsatz von Open-Source-Technologien \u2013 sei es bei der Entwicklung moderner Web- und Mobile-L\u00f6sungen, beim Aufbau nachhaltiger DevOps-Prozesse oder bei innovativen KI-Anwendungen. F\u00fcr die VisionConnect GmbH betreue ich auch in S\u00fcddeutschland ans\u00e4ssige Unternehmen, um einen direkten und pers\u00f6nlichen Service vor Ort anzubieten.\",\"sameAs\":[\"https:\\\/\\\/www.linkedin.com\\\/in\\\/kruegerj\\\/\"],\"url\":\"https:\\\/\\\/www.visionconnect.de\\\/blog\\\/author\\\/krueger\\\/\"}]}<\/script>\n<!-- \/ Yoast SEO plugin. -->","yoast_head_json":{"title":"TYPO3camp Stuttgart 10-12.06 - VisionConnect GmbH Blog","description":"Jan Kr\u00fcger war f\u00fcr die VisionConnect GmbH beim TYPO3camp Stuttgart 10-12.06.2016. Eine R\u00fcckschau \u00fcber die Sessions und das Rahmenprogramm.","robots":{"index":"index","follow":"follow","max-snippet":"max-snippet:-1","max-image-preview":"max-image-preview:large","max-video-preview":"max-video-preview:-1"},"canonical":"https:\/\/www.visionconnect.de\/blog\/2016\/typo3camp-stuttgart\/","og_locale":"de_DE","og_type":"article","og_title":"TYPO3camp Stuttgart 10-12.06 \u2013 VisionConnect Recap","og_description":"Jan Kr\u00fcger war f\u00fcr die VisionConnect GmbH beim TYPO3camp Stuttgart 10-12.06.2016. Eine R\u00fcckschau \u00fcber die Sessions und das Rahmenprogramm.","og_url":"https:\/\/www.visionconnect.de\/blog\/2016\/typo3camp-stuttgart\/","og_site_name":"VisionConnect GmbH Blog","article_publisher":"https:\/\/www.facebook.com\/VisionConnectGmbH","article_published_time":"2016-06-15T11:29:54+00:00","article_modified_time":"2016-09-29T08:25:54+00:00","og_image":[{"width":590,"height":331,"url":"https:\/\/www.visionconnect.de\/blog\/wp-content\/uploads\/2016\/06\/cms-typo3-camp-stuttgart-soc.jpg","type":"image\/jpeg"}],"author":"Jan Kr\u00fcger","twitter_card":"summary_large_image","twitter_title":"TYPO3camp Stuttgart 10-12.06 \u2013 VisionConnect Recap","twitter_description":"Jan Kr\u00fcger war f\u00fcr die VisionConnect GmbH beim TYPO3camp Stuttgart 10-12.06.2016. Eine R\u00fcckschau \u00fcber die Sessions und das Rahmenprogramm.","twitter_image":"https:\/\/www.visionconnect.de\/blog\/wp-content\/uploads\/2016\/06\/cms-typo3-camp-stuttgart-soc.jpg","twitter_creator":"@visionconnect","twitter_site":"@visionconnect","twitter_misc":{"Geschrieben von":"Jan Kr\u00fcger","Gesch\u00e4tzte Lesezeit":"3\u00a0Minuten"},"schema":{"@context":"https:\/\/schema.org","@graph":[{"@type":"Article","@id":"https:\/\/www.visionconnect.de\/blog\/2016\/typo3camp-stuttgart\/#article","isPartOf":{"@id":"https:\/\/www.visionconnect.de\/blog\/2016\/typo3camp-stuttgart\/"},"author":{"name":"Jan Kr\u00fcger","@id":"https:\/\/www.visionconnect.de\/blog\/#\/schema\/person\/ff47eeda8dcfca19c34d2d529a3af9d5"},"headline":"TYPO3camp Stuttgart 10-12.06.2016","datePublished":"2016-06-15T11:29:54+00:00","dateModified":"2016-09-29T08:25:54+00:00","mainEntityOfPage":{"@id":"https:\/\/www.visionconnect.de\/blog\/2016\/typo3camp-stuttgart\/"},"wordCount":514,"commentCount":0,"image":{"@id":"https:\/\/www.visionconnect.de\/blog\/2016\/typo3camp-stuttgart\/#primaryimage"},"thumbnailUrl":"https:\/\/www.visionconnect.de\/blog\/wp-content\/uploads\/2016\/06\/cms-typo3-camp-stuttgart.jpg","keywords":["TYPO3"],"articleSection":["Content Management Systeme"],"inLanguage":"de","potentialAction":[{"@type":"CommentAction","name":"Comment","target":["https:\/\/www.visionconnect.de\/blog\/2016\/typo3camp-stuttgart\/#respond"]}]},{"@type":"WebPage","@id":"https:\/\/www.visionconnect.de\/blog\/2016\/typo3camp-stuttgart\/","url":"https:\/\/www.visionconnect.de\/blog\/2016\/typo3camp-stuttgart\/","name":"TYPO3camp Stuttgart 10-12.06 - VisionConnect GmbH Blog","isPartOf":{"@id":"https:\/\/www.visionconnect.de\/blog\/#website"},"primaryImageOfPage":{"@id":"https:\/\/www.visionconnect.de\/blog\/2016\/typo3camp-stuttgart\/#primaryimage"},"image":{"@id":"https:\/\/www.visionconnect.de\/blog\/2016\/typo3camp-stuttgart\/#primaryimage"},"thumbnailUrl":"https:\/\/www.visionconnect.de\/blog\/wp-content\/uploads\/2016\/06\/cms-typo3-camp-stuttgart.jpg","datePublished":"2016-06-15T11:29:54+00:00","dateModified":"2016-09-29T08:25:54+00:00","author":{"@id":"https:\/\/www.visionconnect.de\/blog\/#\/schema\/person\/ff47eeda8dcfca19c34d2d529a3af9d5"},"description":"Jan Kr\u00fcger war f\u00fcr die VisionConnect GmbH beim TYPO3camp Stuttgart 10-12.06.2016. Eine R\u00fcckschau \u00fcber die Sessions und das Rahmenprogramm.","breadcrumb":{"@id":"https:\/\/www.visionconnect.de\/blog\/2016\/typo3camp-stuttgart\/#breadcrumb"},"inLanguage":"de","potentialAction":[{"@type":"ReadAction","target":["https:\/\/www.visionconnect.de\/blog\/2016\/typo3camp-stuttgart\/"]}]},{"@type":"ImageObject","inLanguage":"de","@id":"https:\/\/www.visionconnect.de\/blog\/2016\/typo3camp-stuttgart\/#primaryimage","url":"https:\/\/www.visionconnect.de\/blog\/wp-content\/uploads\/2016\/06\/cms-typo3-camp-stuttgart.jpg","contentUrl":"https:\/\/www.visionconnect.de\/blog\/wp-content\/uploads\/2016\/06\/cms-typo3-camp-stuttgart.jpg","width":1080,"height":407,"caption":"TYPO3camp Stuttgart"},{"@type":"BreadcrumbList","@id":"https:\/\/www.visionconnect.de\/blog\/2016\/typo3camp-stuttgart\/#breadcrumb","itemListElement":[{"@type":"ListItem","position":1,"name":"Home","item":"https:\/\/www.visionconnect.de\/blog\/"},{"@type":"ListItem","position":2,"name":"TYPO3camp Stuttgart 10-12.06.2016"}]},{"@type":"WebSite","@id":"https:\/\/www.visionconnect.de\/blog\/#website","url":"https:\/\/www.visionconnect.de\/blog\/","name":"VisionConnect GmbH Blog","description":"","potentialAction":[{"@type":"SearchAction","target":{"@type":"EntryPoint","urlTemplate":"https:\/\/www.visionconnect.de\/blog\/?s={search_term_string}"},"query-input":{"@type":"PropertyValueSpecification","valueRequired":true,"valueName":"search_term_string"}}],"inLanguage":"de"},{"@type":"Person","@id":"https:\/\/www.visionconnect.de\/blog\/#\/schema\/person\/ff47eeda8dcfca19c34d2d529a3af9d5","name":"Jan Kr\u00fcger","image":{"@type":"ImageObject","inLanguage":"de","@id":"https:\/\/www.visionconnect.de\/blog\/wp-content\/uploads\/2025\/04\/cropped-jk-96x96.png","url":"https:\/\/www.visionconnect.de\/blog\/wp-content\/uploads\/2025\/04\/cropped-jk-96x96.png","contentUrl":"https:\/\/www.visionconnect.de\/blog\/wp-content\/uploads\/2025\/04\/cropped-jk-96x96.png","caption":"Jan Kr\u00fcger"},"description":"Seit \u00fcber 20 Jahren bin im Bereich Software-Entwicklung in verschiedenen Positionen unterwegs. Meine Leidenschaft gilt insbesondere dem Einsatz von Open-Source-Technologien \u2013 sei es bei der Entwicklung moderner Web- und Mobile-L\u00f6sungen, beim Aufbau nachhaltiger DevOps-Prozesse oder bei innovativen KI-Anwendungen. F\u00fcr die VisionConnect GmbH betreue ich auch in S\u00fcddeutschland ans\u00e4ssige Unternehmen, um einen direkten und pers\u00f6nlichen Service vor Ort anzubieten.","sameAs":["https:\/\/www.linkedin.com\/in\/kruegerj\/"],"url":"https:\/\/www.visionconnect.de\/blog\/author\/krueger\/"}]}},"amp_enabled":true,"_links":{"self":[{"href":"https:\/\/www.visionconnect.de\/blog\/wp-json\/wp\/v2\/posts\/652","targetHints":{"allow":["GET"]}}],"collection":[{"href":"https:\/\/www.visionconnect.de\/blog\/wp-json\/wp\/v2\/posts"}],"about":[{"href":"https:\/\/www.visionconnect.de\/blog\/wp-json\/wp\/v2\/types\/post"}],"author":[{"embeddable":true,"href":"https:\/\/www.visionconnect.de\/blog\/wp-json\/wp\/v2\/users\/11"}],"replies":[{"embeddable":true,"href":"https:\/\/www.visionconnect.de\/blog\/wp-json\/wp\/v2\/comments?post=652"}],"version-history":[{"count":10,"href":"https:\/\/www.visionconnect.de\/blog\/wp-json\/wp\/v2\/posts\/652\/revisions"}],"predecessor-version":[{"id":740,"href":"https:\/\/www.visionconnect.de\/blog\/wp-json\/wp\/v2\/posts\/652\/revisions\/740"}],"wp:featuredmedia":[{"embeddable":true,"href":"https:\/\/www.visionconnect.de\/blog\/wp-json\/wp\/v2\/media\/656"}],"wp:attachment":[{"href":"https:\/\/www.visionconnect.de\/blog\/wp-json\/wp\/v2\/media?parent=652"}],"wp:term":[{"taxonomy":"category","embeddable":true,"href":"https:\/\/www.visionconnect.de\/blog\/wp-json\/wp\/v2\/categories?post=652"},{"taxonomy":"post_tag","embeddable":true,"href":"https:\/\/www.visionconnect.de\/blog\/wp-json\/wp\/v2\/tags?post=652"}],"curies":[{"name":"wp","href":"https:\/\/api.w.org\/{rel}","templated":true}]}}